{"id":64781,"date":"2019-10-18T12:22:58","date_gmt":"2019-10-18T16:22:58","guid":{"rendered":"https:\/\/linitiative.ca\/International\/sidi-bel-abbes-les-manifestants-reclament-la-liberation-du-jeune-abdellaoui\/"},"modified":"2019-10-18T12:22:58","modified_gmt":"2019-10-18T16:22:58","slug":"sidi-bel-abbes-les-manifestants-reclament-la-liberation-du-jeune-abdellaoui","status":"publish","type":"post","link":"https:\/\/linitiative.ca\/International\/sidi-bel-abbes-les-manifestants-reclament-la-liberation-du-jeune-abdellaoui\/","title":{"rendered":"Sidi Bel Abb\u00e8s : Les manifestants r\u00e9clament la lib\u00e9ration du jeune Abdellaoui"},"content":{"rendered":"<h4 class=\"title-14\"\/>\n<div class=\"featured_image\"><img width=\"768\" height=\"799\" data-cfsrc=\"https:\/\/www.elwatan.com\/wp-content\/uploads\/2019\/10\/sdb.jpg\" class=\"attachment-post-thumbnail size-post-thumbnail wp-post-image c2\" alt=\"\" srcset=\"https:\/\/www.elwatan.com\/wp-content\/uploads\/2019\/10\/sdb.jpg 768w, https:\/\/www.elwatan.com\/wp-content\/uploads\/2019\/10\/sdb-288x300.jpg 288w\" sizes=\"(max-width: 768px) 100vw, 768px\"\/><noscript><\/p>\n<p><img loading=\"lazy\" decoding=\"async\" width=\"768\" height=\"799\" src=\"https:\/\/www.elwatan.com\/wp-content\/uploads\/2019\/10\/sdb.jpg\" class=\"attachment-post-thumbnail size-post-thumbnail wp-post-image\" alt=\"\" srcset=\"https:\/\/www.elwatan.com\/wp-content\/uploads\/2019\/10\/sdb.jpg 768w, https:\/\/www.elwatan.com\/wp-content\/uploads\/2019\/10\/sdb-288x300.jpg 288w\" sizes=\"auto, (max-width: 768px) 100vw, 768px\"\/><\/p>\n<p><\/noscript> <span class=\"featured-image-caption\">Marche du 35e vendredi \u00e0 Sidi Bel abb\u00e8s. Photo : Abdelkrim M.<\/span><\/div>\n<p>Bien plus nombreux que la semaine pass\u00e9e, des centaines de manifestants sont descendus dans la rue, ce vendredi 18 octobre 2019, \u00e0 Sidi Bel Abb\u00e8s pour r\u00e9clamer l\u2019instauration d\u2019un \u00e9tat de droit et un changement r\u00e9el de gouvernance.<\/p>\n<p>Ils \u00e9taient \u00e9galement nombreux \u00e0 r\u00e9clamer la lib\u00e9ration des d\u00e9tenus d\u2019opinion dont celle\u00a0 de l\u2019activiste Ahmed Abdellaoui, interpell\u00e9 jeudi apr\u00e8s la diffusion d\u2019une vid\u00e9o ciblant le chef d\u2019\u00e9tat-major, Ahmed Gaid Salah, selon des manifestants interrog\u00e9s.<\/p>\n<p>Rassembl\u00e9s au niveau de la place du 1<sup>e<\/sup> Novembre (ex-Carnot), ils ont brandi son portrait et d\u00e9nonc\u00e9 les pressions exerc\u00e9es sur les citoyens r\u00e9clamant le d\u00e9part des symboles du pouvoir.<\/p>\n<p><iframe loading=\"lazy\" class=\"c9\" src=\"https:\/\/www.facebook.com\/plugins\/video.php?href=https%3A%2F%2Fwww.facebook.com%2FBELABBESMEKERRA%2Fvideos%2F573464520126440%2F&#038;show_text=0&#038;width=267\" width=\"267\" height=\"476\" frameborder=\"0\" scrolling=\"no\" allowfullscreen=\"allowfullscreen\">[embedded content]<\/iframe><\/p>\n<p>Le jeune Ahmed Abdellaoui a \u00e9t\u00e9 arr\u00eat\u00e9s\u00a0 en son domicile, sis rue Aissat Idir, et d\u00e9f\u00e9r\u00e9 hier devant le magistrat instructeur qui l\u2019a plac\u00e9 en d\u00e9tention provisoire.<\/p>\n<p>Selon des avocats du barreau de Sidi Bel Abb\u00e8s, le jeune manifestant devrait comparaitre demain dimanche devant le tribunal correctionnel.<\/p>\n<p>La lib\u00e9ration des d\u00e9tenus d\u2019opinion qui croupissent en prison depuis plusieurs mois\u00a0 a ainsi constitu\u00e9 le maitre-mot de la marche d\u2019aujourd\u2019hui qui a sillonn\u00e9 le Boulevard e la R\u00e9publique, la rue Aissat Idir, les ruelles du quartier populaire Emir Abdelkader ( Graba) et le Boulevard Mohamed V. <em>\u00ab\u00a0Makanch intikhabet ya issabates<\/em> (Pas d\u2019\u00e9lections avec les gangs)\u00a0\u00bb, <em>\u00ab\u00a0D\u00e9gage Bedoui, d\u00e9gage Bensalah\u00a0\u00bb<\/em>, <em>\u00ab Lib\u00e9rez les d\u00e9tenus\u00a0\u00bb,<\/em> ont \u00a0scand\u00e9 les manifestants qui ont appel\u00e9 \u00e0 un rassemblement le jour du proc\u00e8s d\u2019Ahmed Abdellaoui,\u00a0 technicien sup\u00e9rieur en informatique dans le secteur de la sant\u00e9 de son \u00e9tat.<\/p>\n<p><span class=\"post-views-label\">Post Views:<\/span> <span class=\"post-views-count\">49<\/span><\/p>\n<p><br class=\"c5\"\/><\/p>\n<p>Auteur: Farouk Djouadi<br \/>\n<a href=\"https:\/\/www.elwatan.com\/edition\/actualite\/sidi-bel-abbes-les-manifestants-reclament-la-liberation-du-jeune-abdellaoui-18-10-2019\">Cliquez ici pour lire l&rsquo;article depuis sa source.<\/a><\/p>\n","protected":false},"excerpt":{"rendered":"<p>Marche du 35e vendredi \u00e0 Sidi Bel abb\u00e8s. Photo : Abdelkrim M. Bien plus nombreux que la semaine pass\u00e9e, des centaines de manifestants sont descendus dans la rue, ce vendredi 18 octobre 2019, \u00e0 Sidi Bel Abb\u00e8s pour r\u00e9clamer l\u2019instauration d\u2019un \u00e9tat de droit et un changement r\u00e9el de gouvernance. Ils \u00e9taient \u00e9galement nombreux \u00e0 [&hellip;]<\/p>\n","protected":false},"author":1743,"featured_media":64782,"comment_status":"closed","ping_status":"closed","sticky":false,"template":"","format":"standard","meta":{"fifu_image_url":"","fifu_image_alt":"","footnotes":""},"categories":[73,53],"tags":[],"class_list":["post-64781","post","type-post","status-publish","format-standard","has-post-thumbnail","hentry","category-actualite","category-algerie"],"_links":{"self":[{"href":"https:\/\/linitiative.ca\/International\/wp-json\/wp\/v2\/posts\/64781","targetHints":{"allow":["GET"]}}],"collection":[{"href":"https:\/\/linitiative.ca\/International\/wp-json\/wp\/v2\/posts"}],"about":[{"href":"https:\/\/linitiative.ca\/International\/wp-json\/wp\/v2\/types\/post"}],"author":[{"embeddable":true,"href":"https:\/\/linitiative.ca\/International\/wp-json\/wp\/v2\/users\/1743"}],"replies":[{"embeddable":true,"href":"https:\/\/linitiative.ca\/International\/wp-json\/wp\/v2\/comments?post=64781"}],"version-history":[{"count":0,"href":"https:\/\/linitiative.ca\/International\/wp-json\/wp\/v2\/posts\/64781\/revisions"}],"wp:featuredmedia":[{"embeddable":true,"href":"https:\/\/linitiative.ca\/International\/wp-json\/"}],"wp:attachment":[{"href":"https:\/\/linitiative.ca\/International\/wp-json\/wp\/v2\/media?parent=64781"}],"wp:term":[{"taxonomy":"category","embeddable":true,"href":"https:\/\/linitiative.ca\/International\/wp-json\/wp\/v2\/categories?post=64781"},{"taxonomy":"post_tag","embeddable":true,"href":"https:\/\/linitiative.ca\/International\/wp-json\/wp\/v2\/tags?post=64781"}],"curies":[{"name":"wp","href":"https:\/\/api.w.org\/{rel}","templated":true}]}}