{"id":64783,"date":"2019-10-18T12:30:12","date_gmt":"2019-10-18T16:30:12","guid":{"rendered":"https:\/\/linitiative.ca\/International\/acte-35-a-tizi-ouzou-le-pouvoir-est-accule\/"},"modified":"2019-10-18T12:30:12","modified_gmt":"2019-10-18T16:30:12","slug":"acte-35-a-tizi-ouzou-le-pouvoir-est-accule","status":"publish","type":"post","link":"https:\/\/linitiative.ca\/International\/acte-35-a-tizi-ouzou-le-pouvoir-est-accule\/","title":{"rendered":"Acte 35 \u00e0 Tizi Ouzou : \u00ab Le pouvoir est accul\u00e9 \u00bb"},"content":{"rendered":"<h4 class=\"title-14\"\/>\n<div class=\"featured_image\"><img width=\"2011\" height=\"1390\" data-cfsrc=\"https:\/\/www.elwatan.com\/wp-content\/uploads\/2019\/10\/tizi-35e-vendredi.jpg\" class=\"attachment-post-thumbnail size-post-thumbnail wp-post-image c2\" alt=\"\" srcset=\"https:\/\/www.elwatan.com\/wp-content\/uploads\/2019\/10\/tizi-35e-vendredi.jpg 2011w, https:\/\/www.elwatan.com\/wp-content\/uploads\/2019\/10\/tizi-35e-vendredi-300x207.jpg 300w, https:\/\/www.elwatan.com\/wp-content\/uploads\/2019\/10\/tizi-35e-vendredi-768x531.jpg 768w, https:\/\/www.elwatan.com\/wp-content\/uploads\/2019\/10\/tizi-35e-vendredi-1024x708.jpg 1024w, https:\/\/www.elwatan.com\/wp-content\/uploads\/2019\/10\/tizi-35e-vendredi-1320x912.jpg 1320w\" sizes=\"(max-width: 2011px) 100vw, 2011px\"\/><noscript><\/p>\n<p><img loading=\"lazy\" decoding=\"async\" width=\"2011\" height=\"1390\" src=\"https:\/\/www.elwatan.com\/wp-content\/uploads\/2019\/10\/tizi-35e-vendredi.jpg\" class=\"attachment-post-thumbnail size-post-thumbnail wp-post-image\" alt=\"\" srcset=\"https:\/\/www.elwatan.com\/wp-content\/uploads\/2019\/10\/tizi-35e-vendredi.jpg 2011w, https:\/\/www.elwatan.com\/wp-content\/uploads\/2019\/10\/tizi-35e-vendredi-300x207.jpg 300w, https:\/\/www.elwatan.com\/wp-content\/uploads\/2019\/10\/tizi-35e-vendredi-768x531.jpg 768w, https:\/\/www.elwatan.com\/wp-content\/uploads\/2019\/10\/tizi-35e-vendredi-1024x708.jpg 1024w, https:\/\/www.elwatan.com\/wp-content\/uploads\/2019\/10\/tizi-35e-vendredi-1320x912.jpg 1320w\" sizes=\"auto, (max-width: 2011px) 100vw, 2011px\"\/><\/p>\n<p><\/noscript> <span class=\"featured-image-caption\">Marche du 35e vendredi \u00e0 Tizi Ouzou. Photo : Hafid A.<\/span><\/div>\n<p>C\u2019est la d\u00e9ferlante populaire, aujourd\u2019hui,\u00a0 dans la ville de Tizi Ouzou qui s\u2019est av\u00e9r\u00e9e trop petite pour contenir toute cette masse humaine qui a envahi les ruelles principales du chef-lieu de wilaya.<\/p>\n<p>Le 35<sup>e<\/sup> vendredi de protestation pour le changement du syst\u00e8me a \u00e9t\u00e9 d\u00e9s plus grandioses\u00a0 compte tenu de ces centaines de milliers de personnes qui ont battu le pav\u00e9 pour exprimer leur d\u00e9sapprobation au r\u00e9gime dont le d\u00e9part est revendiqu\u00e9. Les marcheurs ont mis en avant les principaux mots d\u2019ordre du mouvement populaire. Ils ont ainsi r\u00e9affirm\u00e9 leur rejet des \u00e9lections pr\u00e9sidentielles pr\u00e9vues pour le 12 d\u00e9cembre prochain. \u00ab\u00a0 Ulach Lvot Ulach\u00a0\u00bb (Il n\u2019y aura pas d\u2019\u00e9lection), ont \u2013ils scand\u00e9, \u00e0 gorge d\u00e9ploy\u00e9e.<\/p>\n<p>Les manifestants ont \u00e9galement d\u00e9ploy\u00e9 des banderoles en faveur de la lib\u00e9ration des d\u00e9tenus d\u2019opinion, dont ceux arr\u00eat\u00e9s pour avoir brandi l\u2019embl\u00e8me amazigh.\u00a0 Dans la foule, nous avons \u00e9galement remarqu\u00e9 des marcheurs brandissant des pancartes de soutien aux membres de confession chr\u00e9tienne apr\u00e8s la\u00a0 fermeture de leurs\u00a0 \u00e9glises. Des femmes, des personnes \u00e2g\u00e9es et m\u00eame des enfants ont pris part \u00e0 cette d\u00e9monstration de force qui a drain\u00e9 des centaines de milliers de\u00a0 marcheurs. Il \u00e9tait, d\u2019ailleurs, tr\u00e8s difficile de se frayer un chemin dans cette mar\u00e9e humaine tr\u00e8s compacte.<\/p>\n<p>\u00ab\u00a0 Le pouvoir est accul\u00e9 de toute part. Il doit partir avant qu\u2019il ne soit trop tard \u00bb, a martel\u00e9 un p\u00e8re de famille qui a port\u00e9 un panneau contreplaqu\u00e9\u00a0 sur lequel ont pouvait lire\u00a0: \u00ab\u00a0Il est vrai que lorsqu\u2019on b\u00e2tit un pouvoir sur la division, l\u2019union fait peur\u00a0\u00bb. \u00a0Les portraits des d\u00e9tenus ont \u00e9t\u00e9 \u00e9galement exhib\u00e9s dans la foule tout comme ceux du chantre engag\u00e9 Matoub Loun\u00e8s. Les photos des r\u00e9volutionnaires comme Hocine Ait Ahmed, Abane Ramdane et \u00a0Mohamed Boudiaf ont \u00e9t\u00e9 \u00e9galement port\u00e9es par des manifestants qui crient, haut et fort, \u00ab\u00a0 Lib\u00e9rez l\u2019Alg\u00e9rie\u00a0\u00bb et \u00ab\u00a0 Y\u2019en a marre des g\u00e9n\u00e9raux\u00a0\u00bb. La marche se poursuit toujours dans la capitale du Djurdjura o\u00f9 un gigantesque rassemblement est observ\u00e9 devant le m\u00e9morial des martyrs de la guerre de lib\u00e9ration nationale, en face l\u2019ancienne gare routi\u00e8re de Tizi Ouzou.<\/p>\n<p><span class=\"post-views-label\">Post Views:<\/span> <span class=\"post-views-count\">183<\/span><\/p>\n<p><br class=\"c5\"\/><\/p>\n<p>Auteur: Farouk Djouadi<br \/>\n<a href=\"https:\/\/www.elwatan.com\/edition\/actualite\/acte-35-a-tizi-ouzou-le-pouvoir-est-accule-18-10-2019\">Cliquez ici pour lire l&rsquo;article depuis sa source.<\/a><\/p>\n","protected":false},"excerpt":{"rendered":"<p>Marche du 35e vendredi \u00e0 Tizi Ouzou. Photo : Hafid A. C\u2019est la d\u00e9ferlante populaire, aujourd\u2019hui,\u00a0 dans la ville de Tizi Ouzou qui s\u2019est av\u00e9r\u00e9e trop petite pour contenir toute cette masse humaine qui a envahi les ruelles principales du chef-lieu de wilaya. Le 35e vendredi de protestation pour le changement du syst\u00e8me a \u00e9t\u00e9 [&hellip;]<\/p>\n","protected":false},"author":1743,"featured_media":64784,"comment_status":"closed","ping_status":"closed","sticky":false,"template":"","format":"standard","meta":{"fifu_image_url":"","fifu_image_alt":"","footnotes":""},"categories":[73,53],"tags":[],"class_list":["post-64783","post","type-post","status-publish","format-standard","has-post-thumbnail","hentry","category-actualite","category-algerie"],"_links":{"self":[{"href":"https:\/\/linitiative.ca\/International\/wp-json\/wp\/v2\/posts\/64783","targetHints":{"allow":["GET"]}}],"collection":[{"href":"https:\/\/linitiative.ca\/International\/wp-json\/wp\/v2\/posts"}],"about":[{"href":"https:\/\/linitiative.ca\/International\/wp-json\/wp\/v2\/types\/post"}],"author":[{"embeddable":true,"href":"https:\/\/linitiative.ca\/International\/wp-json\/wp\/v2\/users\/1743"}],"replies":[{"embeddable":true,"href":"https:\/\/linitiative.ca\/International\/wp-json\/wp\/v2\/comments?post=64783"}],"version-history":[{"count":0,"href":"https:\/\/linitiative.ca\/International\/wp-json\/wp\/v2\/posts\/64783\/revisions"}],"wp:featuredmedia":[{"embeddable":true,"href":"https:\/\/linitiative.ca\/International\/wp-json\/"}],"wp:attachment":[{"href":"https:\/\/linitiative.ca\/International\/wp-json\/wp\/v2\/media?parent=64783"}],"wp:term":[{"taxonomy":"category","embeddable":true,"href":"https:\/\/linitiative.ca\/International\/wp-json\/wp\/v2\/categories?post=64783"},{"taxonomy":"post_tag","embeddable":true,"href":"https:\/\/linitiative.ca\/International\/wp-json\/wp\/v2\/tags?post=64783"}],"curies":[{"name":"wp","href":"https:\/\/api.w.org\/{rel}","templated":true}]}}