{"id":64785,"date":"2019-10-18T12:51:06","date_gmt":"2019-10-18T16:51:06","guid":{"rendered":"https:\/\/linitiative.ca\/International\/35e-acte-du-hirak-a-guelma-la-foule-exige-la-liberation-du-detenu-benamara\/"},"modified":"2019-10-18T12:51:06","modified_gmt":"2019-10-18T16:51:06","slug":"35e-acte-du-hirak-a-guelma-la-foule-exige-la-liberation-du-detenu-benamara","status":"publish","type":"post","link":"https:\/\/linitiative.ca\/International\/35e-acte-du-hirak-a-guelma-la-foule-exige-la-liberation-du-detenu-benamara\/","title":{"rendered":"35e acte du Hirak \u00e0 Guelma : La foule exige la lib\u00e9ration du d\u00e9tenu Benamara"},"content":{"rendered":"<h4 class=\"title-14\"\/>\n<div class=\"featured_image\"><img width=\"601\" height=\"444\" data-cfsrc=\"https:\/\/www.elwatan.com\/wp-content\/uploads\/2019\/10\/guelma-2.png\" class=\"attachment-post-thumbnail size-post-thumbnail wp-post-image c2\" alt=\"\" srcset=\"https:\/\/www.elwatan.com\/wp-content\/uploads\/2019\/10\/guelma-2.png 601w, https:\/\/www.elwatan.com\/wp-content\/uploads\/2019\/10\/guelma-2-300x222.png 300w\" sizes=\"(max-width: 601px) 100vw, 601px\"\/><noscript><\/p>\n<p><img loading=\"lazy\" decoding=\"async\" width=\"601\" height=\"444\" src=\"https:\/\/www.elwatan.com\/wp-content\/uploads\/2019\/10\/guelma-2.png\" class=\"attachment-post-thumbnail size-post-thumbnail wp-post-image\" alt=\"\" srcset=\"https:\/\/www.elwatan.com\/wp-content\/uploads\/2019\/10\/guelma-2.png 601w, https:\/\/www.elwatan.com\/wp-content\/uploads\/2019\/10\/guelma-2-300x222.png 300w\" sizes=\"auto, (max-width: 601px) 100vw, 601px\"\/><\/p>\n<p><\/noscript> <span class=\"featured-image-caption\">Marche du 35e vendredi \u00e0 Guelma. Photo : Karim D.<\/span><\/div>\n<p>Ils n\u2019\u00e9taient pas nombreux en ce 35<sup>e<\/sup> acte du Hirak organis\u00e9 comme chaque vendredi \u00e0 Guelma, mais suffisamment compacte et en c\u0153ur pour capter l\u2019attention et m\u00eame drainer les plus r\u00e9calcitrants.<\/p>\n<p>Ainsi, bien que ce soient les slogans habituels que les hirakistes ont maintenus haut et fort notamment avec le refus de prendre part au scrutin pr\u00e9sidentiel, du 12 d\u00e9cembre prochain, sous la houlette des r\u00e9sidus du gang qui a gouvern\u00e9 et gouvernent toujours le pays. Il est ind\u00e9niable que les hirakistes guelmis ont exig\u00e9 pour le deuxi\u00e8me vendredi cons\u00e9cutif, la lib\u00e9ration d\u2019un des leur \u00ab\u00a0 Lib\u00e9rez Benamara\u00a0! Lib\u00e9rez Benamara\u00a0!\u00a0\u00bb, scandaient les marcheurs \u00e0 travers les rues et boulevards de la ville.\u00a0 Mais aussi, bon nombres de pancartes portaient \u00e9galement, en ce 35<sup>e<\/sup> vendredi, des revendications similaires, o\u00f9 l\u2019on pouvait lire \u00ab\u00a0la libert\u00e9 aux d\u00e9tenus du Hirak\u00a0\u00bb ou encore \u00ab\u00a0 non aux incarc\u00e9rations abusives\u00a0\u00bb.<\/p>\n<p>Bien \u00e9videment, certains hirakistes n\u2019ont pas manqu\u00e9 d\u2019affich\u00e9 leur crainte de voir, plus que tout,\u00a0 cette situation d\u2019incarc\u00e9ration perdur\u00e9e \u00ab <em>la fuite en avant n\u2019a jamais r\u00e9solu les probl\u00e8mes. Le peuple doit \u00eatre entendu. Nous avons perdu beaucoup de temps dans ce face \u00e0 face, mais au final nous aurons le dernier mot<\/em>\u00a0\u00bb souligne un hirakiste en marchant. \u00ab\u00a0<em>Oui nous aurons le dernier mot dans la fraternit\u00e9 et la paix malgr\u00e9 les intimidations\u00a0\u00bb<\/em>\u00a0 r\u00e9plique un autre.\u00a0 C\u2019est ainsi, au gr\u00e9 de la marche citoyenne et pacifique \u00e0 Guelma que les gens conversent et \u00e9mettent leurs avis.<\/p>\n<p>Dans un autre volet, certes plus pointu, les propositions et adoptions de lois par le gouvernement actuel est rejet\u00e9 en bloc \u00e0 Guelma\u00a0\u00ab\u00a0<em>c\u2019est incroyable\u00a0qu\u2019un gouvernement, d\u00e9missionnaire dans quelques jours, puisse<\/em> <em>baliser et orienter la politique du pays dans des domaines strat\u00e9giques. L\u2019inconscience n\u2019a-t-elle pas de limite chez nous ?\u00a0\u00bb<\/em> s\u2019interrogent des marcheurs avertis.<\/p>\n<p><span class=\"post-views-label\">Post Views:<\/span> <span class=\"post-views-count\">73<\/span><\/p>\n<p><br class=\"c4\"\/><\/p>\n<p>Auteur: Farouk Djouadi<br \/>\n<a href=\"https:\/\/www.elwatan.com\/edition\/actualite\/35e-acte-du-hirak-a-guelma-la-foule-exige-la-liberation-du-detenu-benamara-18-10-2019\">Cliquez ici pour lire l&rsquo;article depuis sa source.<\/a><\/p>\n","protected":false},"excerpt":{"rendered":"<p>Marche du 35e vendredi \u00e0 Guelma. Photo : Karim D. Ils n\u2019\u00e9taient pas nombreux en ce 35e acte du Hirak organis\u00e9 comme chaque vendredi \u00e0 Guelma, mais suffisamment compacte et en c\u0153ur pour capter l\u2019attention et m\u00eame drainer les plus r\u00e9calcitrants. Ainsi, bien que ce soient les slogans habituels que les hirakistes ont maintenus haut [&hellip;]<\/p>\n","protected":false},"author":1743,"featured_media":64786,"comment_status":"closed","ping_status":"closed","sticky":false,"template":"","format":"standard","meta":{"fifu_image_url":"","fifu_image_alt":"","footnotes":""},"categories":[73,53],"tags":[],"class_list":["post-64785","post","type-post","status-publish","format-standard","has-post-thumbnail","hentry","category-actualite","category-algerie"],"_links":{"self":[{"href":"https:\/\/linitiative.ca\/International\/wp-json\/wp\/v2\/posts\/64785","targetHints":{"allow":["GET"]}}],"collection":[{"href":"https:\/\/linitiative.ca\/International\/wp-json\/wp\/v2\/posts"}],"about":[{"href":"https:\/\/linitiative.ca\/International\/wp-json\/wp\/v2\/types\/post"}],"author":[{"embeddable":true,"href":"https:\/\/linitiative.ca\/International\/wp-json\/wp\/v2\/users\/1743"}],"replies":[{"embeddable":true,"href":"https:\/\/linitiative.ca\/International\/wp-json\/wp\/v2\/comments?post=64785"}],"version-history":[{"count":0,"href":"https:\/\/linitiative.ca\/International\/wp-json\/wp\/v2\/posts\/64785\/revisions"}],"wp:featuredmedia":[{"embeddable":true,"href":"https:\/\/linitiative.ca\/International\/wp-json\/"}],"wp:attachment":[{"href":"https:\/\/linitiative.ca\/International\/wp-json\/wp\/v2\/media?parent=64785"}],"wp:term":[{"taxonomy":"category","embeddable":true,"href":"https:\/\/linitiative.ca\/International\/wp-json\/wp\/v2\/categories?post=64785"},{"taxonomy":"post_tag","embeddable":true,"href":"https:\/\/linitiative.ca\/International\/wp-json\/wp\/v2\/tags?post=64785"}],"curies":[{"name":"wp","href":"https:\/\/api.w.org\/{rel}","templated":true}]}}