{"id":64787,"date":"2019-10-18T13:46:58","date_gmt":"2019-10-18T17:46:58","guid":{"rendered":"https:\/\/linitiative.ca\/International\/mascara-le-hirak-un-devoir-national\/"},"modified":"2019-10-18T13:46:58","modified_gmt":"2019-10-18T17:46:58","slug":"mascara-le-hirak-un-devoir-national","status":"publish","type":"post","link":"https:\/\/linitiative.ca\/International\/mascara-le-hirak-un-devoir-national\/","title":{"rendered":"Mascara : \u00ab Le hirak, un devoir national \u00bb"},"content":{"rendered":"<h4 class=\"title-14\"\/>\n<div class=\"featured_image\"><img width=\"800\" height=\"450\" data-cfsrc=\"https:\/\/www.elwatan.com\/wp-content\/uploads\/2019\/10\/mascara-2.jpg\" class=\"attachment-post-thumbnail size-post-thumbnail wp-post-image c2\" alt=\"\" srcset=\"https:\/\/www.elwatan.com\/wp-content\/uploads\/2019\/10\/mascara-2.jpg 800w, https:\/\/www.elwatan.com\/wp-content\/uploads\/2019\/10\/mascara-2-300x169.jpg 300w, https:\/\/www.elwatan.com\/wp-content\/uploads\/2019\/10\/mascara-2-768x432.jpg 768w\" sizes=\"(max-width: 800px) 100vw, 800px\"\/><noscript><\/p>\n<p><img loading=\"lazy\" decoding=\"async\" width=\"800\" height=\"450\" src=\"https:\/\/www.elwatan.com\/wp-content\/uploads\/2019\/10\/mascara-2.jpg\" class=\"attachment-post-thumbnail size-post-thumbnail wp-post-image\" alt=\"\" srcset=\"https:\/\/www.elwatan.com\/wp-content\/uploads\/2019\/10\/mascara-2.jpg 800w, https:\/\/www.elwatan.com\/wp-content\/uploads\/2019\/10\/mascara-2-300x169.jpg 300w, https:\/\/www.elwatan.com\/wp-content\/uploads\/2019\/10\/mascara-2-768x432.jpg 768w\" sizes=\"auto, (max-width: 800px) 100vw, 800px\"\/><\/p>\n<p><\/noscript> <span class=\"featured-image-caption\">Marche du 35e vendredi \u00e0 Mascara. Photo : Abdelouahab S.<\/span><\/div>\n<p>En ce 35<sup>e<\/sup> vendredi de mobilisation, ni les mouches \u00e9lectroniques, ni les intimidations des laudateurs opportunistes n\u2019ont affect\u00e9 le moral des militants du Hirak \u00e0 Mascara. \u00ab<em>Le hirak, un devoir national<\/em>\u00bb, ont r\u00e9pondu les marcheurs \u00e0 ceux qui s\u00e8ment la haine et la division entre les Alg\u00e9riens pour pr\u00e9server leurs int\u00e9r\u00eats personnels.<\/p>\n<p>Les manifestants, femmes, hommes, jeunes et moins jeunes, ont march\u00e9 ce vendredi 18 octobre pour dire\u00a0: \u00ab<em>Non \u00e0 l\u2019\u00e9lection du 12 d\u00e9cembre<\/em>\u00bb, \u00ab<em>Non \u00e0 la dictature<\/em>\u00bb, \u00ab<em>Non au r\u00e9gime en place<\/em>\u00bb et \u00ab<em>Non \u00e0 l\u2019injustice.<\/em>\u00bb D\u2019une m\u00eame voix, ils ont \u00e9tonn\u00e9 des chants patriotiques et des slogans appelant au changement pur et simple du r\u00e9gime qui a plong\u00e9 le pays dans le chaos\u00a0: \u00ab<em>Un \u00c9tat civil, pas militaire<\/em>\u00bb et \u00ab<em>Alg\u00e9rie libre et d\u00e9mocratique.<\/em>\u00bb<\/p>\n<p>Aujourd\u2019hui, les militants du Hirak ont chang\u00e9 l\u2019itin\u00e9raire de leur marche.\u00a0 Ils se sont rendus, pour la premi\u00e8re fois, dans le quartier des 936 logements o\u00f9 ils ont \u00e9t\u00e9 accueillis par les youyous strident des femmes qui s\u2019\u00e9l\u00e8vent des fen\u00eatres et des balcons.<\/p>\n<p>Sur les lieux, ils ont brandi des slogans d\u00e9non\u00e7ant le projet de la nouvelle loi sur les hydrocarbures \u00e0 savoir\u00a0: \u00ab<em>L\u2019Alg\u00e9rie des martyrs, ils l\u2019ont vendue les traitres\u00a0!<\/em>\u00bb et \u00ab<em>\u00a0l\u2019Alg\u00e9rie n\u2019est pas \u00e0 vendre.<\/em>\u00bb<\/p>\n<p>En arrivant \u00e0 proximit\u00e9 de la r\u00e9sidence du wali de Mascara o\u00f9 les policiers ont mis en place un cordon de s\u00e9curit\u00e9, les manifestants ont scand\u00e9\u00a0: \u00ab<em>wali d\u00e9gage\u00a0!<\/em>\u00bb, \u00ab<em>Pouvoir assassin\u00a0!<\/em> \u00bb, \u00ab<em>Pas de vote avec la bande mafieuse<\/em>\u00bb, \u00ab<em>Lib\u00e9rer les d\u00e9tenus du Hirak<\/em>\u00bb et \u00ab<em>\u00c9tat civil, non pas militaire.<\/em>\u00bb<\/p>\n<p>Comme \u00e0 l\u2019accoutum\u00e9, les partis\u00a0 FLN et RND, le gouvernement de Bedoui, l\u2019Autorit\u00e9 des \u00e9lections (ANIE), le parlement, le s\u00e9nat, les laudateurs et les mouches \u00e9lectroniques n\u2019ont pas \u00e9chapp\u00e9 aux slogans hostiles des militants du Hirak d\u00e9termin\u00e9s \u00e0 poursuivre la lutte pour b\u00e2tir une Alg\u00e9rie meilleure.<\/p>\n<p><span class=\"post-views-label\">Post Views:<\/span> <span class=\"post-views-count\">119<\/span><\/p>\n<p><br class=\"c5\"\/><\/p>\n<p>Auteur: Farouk Djouadi<br \/>\n<a href=\"https:\/\/www.elwatan.com\/edition\/actualite\/mascara-le-hirak-un-devoir-national-18-10-2019\">Cliquez ici pour lire l&rsquo;article depuis sa source.<\/a><\/p>\n","protected":false},"excerpt":{"rendered":"<p>Marche du 35e vendredi \u00e0 Mascara. Photo : Abdelouahab S. En ce 35e vendredi de mobilisation, ni les mouches \u00e9lectroniques, ni les intimidations des laudateurs opportunistes n\u2019ont affect\u00e9 le moral des militants du Hirak \u00e0 Mascara. \u00abLe hirak, un devoir national\u00bb, ont r\u00e9pondu les marcheurs \u00e0 ceux qui s\u00e8ment la haine et la division entre [&hellip;]<\/p>\n","protected":false},"author":1743,"featured_media":64788,"comment_status":"closed","ping_status":"closed","sticky":false,"template":"","format":"standard","meta":{"fifu_image_url":"","fifu_image_alt":"","footnotes":""},"categories":[73,53],"tags":[],"class_list":["post-64787","post","type-post","status-publish","format-standard","has-post-thumbnail","hentry","category-actualite","category-algerie"],"_links":{"self":[{"href":"https:\/\/linitiative.ca\/International\/wp-json\/wp\/v2\/posts\/64787","targetHints":{"allow":["GET"]}}],"collection":[{"href":"https:\/\/linitiative.ca\/International\/wp-json\/wp\/v2\/posts"}],"about":[{"href":"https:\/\/linitiative.ca\/International\/wp-json\/wp\/v2\/types\/post"}],"author":[{"embeddable":true,"href":"https:\/\/linitiative.ca\/International\/wp-json\/wp\/v2\/users\/1743"}],"replies":[{"embeddable":true,"href":"https:\/\/linitiative.ca\/International\/wp-json\/wp\/v2\/comments?post=64787"}],"version-history":[{"count":0,"href":"https:\/\/linitiative.ca\/International\/wp-json\/wp\/v2\/posts\/64787\/revisions"}],"wp:featuredmedia":[{"embeddable":true,"href":"https:\/\/linitiative.ca\/International\/wp-json\/"}],"wp:attachment":[{"href":"https:\/\/linitiative.ca\/International\/wp-json\/wp\/v2\/media?parent=64787"}],"wp:term":[{"taxonomy":"category","embeddable":true,"href":"https:\/\/linitiative.ca\/International\/wp-json\/wp\/v2\/categories?post=64787"},{"taxonomy":"post_tag","embeddable":true,"href":"https:\/\/linitiative.ca\/International\/wp-json\/wp\/v2\/tags?post=64787"}],"curies":[{"name":"wp","href":"https:\/\/api.w.org\/{rel}","templated":true}]}}