{"id":64797,"date":"2019-10-18T10:19:25","date_gmt":"2019-10-18T14:19:25","guid":{"rendered":"https:\/\/linitiative.ca\/International\/plus-de-250-vehicules-exposes-au-classic-cars-expo\/"},"modified":"2019-10-18T10:19:25","modified_gmt":"2019-10-18T14:19:25","slug":"plus-de-250-vehicules-exposes-au-classic-cars-expo","status":"publish","type":"post","link":"https:\/\/linitiative.ca\/International\/plus-de-250-vehicules-exposes-au-classic-cars-expo\/","title":{"rendered":"Plus de 250 v\u00e9hicules expos\u00e9s au Classic Cars Expo"},"content":{"rendered":"<p><strong>Des participants de plusieurs pays prennent part \u00e0 cet \u00e9v\u00e8nement qui se poursuit jusqu\u2019au dimanche.<\/strong><\/p>\n<div class=\"c10\"\/>\n<p>La deuxi\u00e8me \u00e9dition du \u00ab\u00a0<strong>Classic Cars Expo<\/strong>\u00a0\u00bb, rendez-vous des amateurs d\u2019automobiles de collection au Maroc, s\u2019est ouverte ce vendredi 18 octobre 2019 au Motorvillage de Bouskoura, dans la banlieue sud de Casablanca.<\/p>\n<p>Cette \u00e9dition conna\u00eet la participation de plus de 250 v\u00e9hicules rares, \u00e9l\u00e9gants et prestigieux, mais aussi populaires, qu\u2019ils soient sportifs ou classiques. L\u2019exposition, qui se tient jusqu\u2019\u00e0 dimanche, est organis\u00e9e par l\u2019<strong>Union Marocaine des Automobiles Anciennes<\/strong> (UMAA). L\u2019Union \u0153uvre depuis sa cr\u00e9ation pour la pr\u00e9servation des v\u00e9hicules d\u2019\u00e9poque. Elle a ainsi mis en place un plan d\u2019action pour la mise en valeur de ce patrimoine.<\/p>\n<div class=\"wp-block-image\"><img decoding=\"async\" src=\"https:\/\/www.challenge.ma\/wp-content\/uploads\/2019\/10\/Classic-Cars-Expo-7.jpg\" alt=\"\" class=\"wp-image-120663\" srcset=\"https:\/\/www.challenge.ma\/wp-content\/uploads\/2019\/10\/Classic-Cars-Expo-7.jpg 960w, https:\/\/www.challenge.ma\/wp-content\/uploads\/2019\/10\/Classic-Cars-Expo-7-300x225.jpg 300w, https:\/\/www.challenge.ma\/wp-content\/uploads\/2019\/10\/Classic-Cars-Expo-7-768x576.jpg 768w, https:\/\/www.challenge.ma\/wp-content\/uploads\/2019\/10\/Classic-Cars-Expo-7-360x270.jpg 360w, https:\/\/www.challenge.ma\/wp-content\/uploads\/2019\/10\/Classic-Cars-Expo-7-750x563.jpg 750w\" sizes=\"(max-width: 960px) 100vw, 960px\"\/><\/div>\n<p>\u00ab\u00a0Cette \u00e9dition sera marqu\u00e9e par la mise en place d\u2019ateliers de r\u00e9flexion entre collectionneurs et professionnels et de restauration de v\u00e9hicules anciens, outre les stands d\u2019accessoires et de pi\u00e8ces d\u00e9tach\u00e9es et ench\u00e8res publiques li\u00e9es aux v\u00e9hicules de collection\u00a0\u00bb, a soulign\u00e9 Rafik Kamal Lahlou, vice-pr\u00e9sident de l\u2019UMAA. Il pr\u00e9cise que l\u2019actuelle \u00e9dition se caract\u00e9rise \u00e9galement par la participation d\u2019invit\u00e9s venant d\u2019Alg\u00e9rie, de Tunisie, de Libye et du S\u00e9n\u00e9gal. Ce passionn\u00e9 d\u2019<strong>automobiles classiques<\/strong> a \u00e9galement rappel\u00e9 que la premi\u00e8re \u00e9dition a r\u00e9ussi \u00e0 r\u00e9unir 175 v\u00e9hicules de collection.<\/p>\n<div class=\"wp-block-image\"><img decoding=\"async\" src=\"https:\/\/www.challenge.ma\/wp-content\/uploads\/2019\/10\/Classic-Cars-Expo-2.jpg\" alt=\"\" class=\"wp-image-120658\" srcset=\"https:\/\/www.challenge.ma\/wp-content\/uploads\/2019\/10\/Classic-Cars-Expo-2.jpg 960w, https:\/\/www.challenge.ma\/wp-content\/uploads\/2019\/10\/Classic-Cars-Expo-2-300x225.jpg 300w, https:\/\/www.challenge.ma\/wp-content\/uploads\/2019\/10\/Classic-Cars-Expo-2-768x576.jpg 768w, https:\/\/www.challenge.ma\/wp-content\/uploads\/2019\/10\/Classic-Cars-Expo-2-360x270.jpg 360w, https:\/\/www.challenge.ma\/wp-content\/uploads\/2019\/10\/Classic-Cars-Expo-2-750x563.jpg 750w\" sizes=\"(max-width: 960px) 100vw, 960px\"\/><\/div>\n<p>Pour rappel, l\u2019UMAA, qui a vu le jour en juillet 2018, ambitionne de repr\u00e9senter et de d\u00e9fendre les int\u00e9r\u00eats des propri\u00e9taires de v\u00e9hicules de collection dans le royaume. Elle regroupe les clubs des passionn\u00e9s de l\u2019automobiles anciennes, en particulier, et les inconditionnels de voitures de collection, en g\u00e9n\u00e9ral.<\/p>\n<div class=\"c17\">\n<fieldset class=\"c16\">\n<legend><strong><span class=\"c11\">Challenge<\/span><span class=\"c12\">news<\/span><\/strong><\/legend>\n<div class=\"c15\">Le meilleur de la r\u00e9daction s\u00e9lectionn\u00e9 par Challenge :<\/p>\n<\/div>\n<\/fieldset>\n<\/div>\n<p>Auteur: challenge<br \/>\n<a href=\"https:\/\/www.challenge.ma\/plus-de-250-vehicules-exposes-au-classic-cars-expo-120652\/\">Cliquez ici pour lire l&rsquo;article depuis sa source.<\/a><\/p>\n","protected":false},"excerpt":{"rendered":"<p>Des participants de plusieurs pays prennent part \u00e0 cet \u00e9v\u00e8nement qui se poursuit jusqu\u2019au dimanche. La deuxi\u00e8me \u00e9dition du \u00ab\u00a0Classic Cars Expo\u00a0\u00bb, rendez-vous des amateurs d\u2019automobiles de collection au Maroc, s\u2019est ouverte ce vendredi 18 octobre 2019 au Motorvillage de Bouskoura, dans la banlieue sud de Casablanca. Cette \u00e9dition conna\u00eet la participation de plus de [&hellip;]<\/p>\n","protected":false},"author":1787,"featured_media":64798,"comment_status":"closed","ping_status":"closed","sticky":false,"template":"","format":"standard","meta":{"fifu_image_url":"","fifu_image_alt":"","footnotes":""},"categories":[78,54],"tags":[],"class_list":["post-64797","post","type-post","status-publish","format-standard","has-post-thumbnail","hentry","category-economie","category-maroc"],"_links":{"self":[{"href":"https:\/\/linitiative.ca\/International\/wp-json\/wp\/v2\/posts\/64797","targetHints":{"allow":["GET"]}}],"collection":[{"href":"https:\/\/linitiative.ca\/International\/wp-json\/wp\/v2\/posts"}],"about":[{"href":"https:\/\/linitiative.ca\/International\/wp-json\/wp\/v2\/types\/post"}],"author":[{"embeddable":true,"href":"https:\/\/linitiative.ca\/International\/wp-json\/wp\/v2\/users\/1787"}],"replies":[{"embeddable":true,"href":"https:\/\/linitiative.ca\/International\/wp-json\/wp\/v2\/comments?post=64797"}],"version-history":[{"count":0,"href":"https:\/\/linitiative.ca\/International\/wp-json\/wp\/v2\/posts\/64797\/revisions"}],"wp:featuredmedia":[{"embeddable":true,"href":"https:\/\/linitiative.ca\/International\/wp-json\/"}],"wp:attachment":[{"href":"https:\/\/linitiative.ca\/International\/wp-json\/wp\/v2\/media?parent=64797"}],"wp:term":[{"taxonomy":"category","embeddable":true,"href":"https:\/\/linitiative.ca\/International\/wp-json\/wp\/v2\/categories?post=64797"},{"taxonomy":"post_tag","embeddable":true,"href":"https:\/\/linitiative.ca\/International\/wp-json\/wp\/v2\/tags?post=64797"}],"curies":[{"name":"wp","href":"https:\/\/api.w.org\/{rel}","templated":true}]}}