{"id":64799,"date":"2019-10-18T10:28:46","date_gmt":"2019-10-18T14:28:46","guid":{"rendered":"https:\/\/linitiative.ca\/International\/un-radisson-blu-ouvre-au-coeur-de-casablanca\/"},"modified":"2019-10-18T10:28:46","modified_gmt":"2019-10-18T14:28:46","slug":"un-radisson-blu-ouvre-au-coeur-de-casablanca","status":"publish","type":"post","link":"https:\/\/linitiative.ca\/International\/un-radisson-blu-ouvre-au-coeur-de-casablanca\/","title":{"rendered":"Un Radisson Blu ouvre au c\u0153ur de Casablanca"},"content":{"rendered":"<p><strong>Le groupe h\u00f4telier Radisson Hospitality AB, membre du Radisson Hotel Group, a annonc\u00e9 l\u2019ouverture de son premier h\u00f4tel Radisson Blu \u00e0 Casablanca le 15 novembre 2019.<\/strong><\/p>\n<div class=\"c10\"\/>\n<p>Le Radisson Blu Hotel, Casablanca, s\u2019est situ\u00e9 dans l\u2019une des zones les plus dynamiques du centre-ville de Casablanca \u00e0 5 minutes de la Marina et du quartier des Habous. L\u2019h\u00f4tel poss\u00e8de 120 chambres dont 16 suites et comprend deux restaurants. Le premier, \u2018\u2018La Galerie \u2013 Brasserie\u2019\u2019 propose une bistronomie chic, alors que le second rend hommage \u00e0 la gastronomie japonaise avec une offre in\u00e9dite d\u2019un premier restaurant Yuzu \u00e0 Casablanca, un must de l\u2019art culinaire asiatique.<\/p>\n<p>La nouvelle unit\u00e9 dispose \u00e9galement d\u2019un spa Cinq Monde, avec des salles de soins ultramodernes, un jacuzzi et une piscine couverte. Le Radisson Blu Hotel-Casablanca City Center propose 450 m\u00b2 d\u2019espaces adapt\u00e9s aux \u00e9v\u00e8nements professionnels, dont une salle pl\u00e9ni\u00e8re de 180 m\u00b2.<\/p>\n<p>A noter que c\u2019est Thierry Costanza qui a \u00e9t\u00e9 nomm\u00e9 directeur g\u00e9n\u00e9ral en charge de l\u2019unit\u00e9 Casablanca du Radisson Blu ainsi que le groupe d\u00e9tient \u00e0 aujourd\u2019hui 90 h\u00f4tels dans son portefeuille africain.<\/p>\n<div class=\"c17\">\n<fieldset class=\"c16\">\n<legend><strong><span class=\"c11\">Challenge<\/span><span class=\"c12\">news<\/span><\/strong><\/legend>\n<div class=\"c15\">Le meilleur de la r\u00e9daction s\u00e9lectionn\u00e9 par Challenge :<\/p>\n<\/div>\n<\/fieldset>\n<\/div>\n<p>Auteur: Hajar DARI<br \/>\n<a href=\"https:\/\/www.challenge.ma\/un-radisson-blu-ouvre-au-coeur-de-casablanca-120646\/\">Cliquez ici pour lire l&rsquo;article depuis sa source.<\/a><\/p>\n","protected":false},"excerpt":{"rendered":"<p>Le groupe h\u00f4telier Radisson Hospitality AB, membre du Radisson Hotel Group, a annonc\u00e9 l\u2019ouverture de son premier h\u00f4tel Radisson Blu \u00e0 Casablanca le 15 novembre 2019. Le Radisson Blu Hotel, Casablanca, s\u2019est situ\u00e9 dans l\u2019une des zones les plus dynamiques du centre-ville de Casablanca \u00e0 5 minutes de la Marina et du quartier des Habous. [&hellip;]<\/p>\n","protected":false},"author":1787,"featured_media":0,"comment_status":"closed","ping_status":"closed","sticky":false,"template":"","format":"standard","meta":{"fifu_image_url":"","fifu_image_alt":"","footnotes":""},"categories":[78,54],"tags":[],"class_list":["post-64799","post","type-post","status-publish","format-standard","hentry","category-economie","category-maroc"],"_links":{"self":[{"href":"https:\/\/linitiative.ca\/International\/wp-json\/wp\/v2\/posts\/64799","targetHints":{"allow":["GET"]}}],"collection":[{"href":"https:\/\/linitiative.ca\/International\/wp-json\/wp\/v2\/posts"}],"about":[{"href":"https:\/\/linitiative.ca\/International\/wp-json\/wp\/v2\/types\/post"}],"author":[{"embeddable":true,"href":"https:\/\/linitiative.ca\/International\/wp-json\/wp\/v2\/users\/1787"}],"replies":[{"embeddable":true,"href":"https:\/\/linitiative.ca\/International\/wp-json\/wp\/v2\/comments?post=64799"}],"version-history":[{"count":0,"href":"https:\/\/linitiative.ca\/International\/wp-json\/wp\/v2\/posts\/64799\/revisions"}],"wp:attachment":[{"href":"https:\/\/linitiative.ca\/International\/wp-json\/wp\/v2\/media?parent=64799"}],"wp:term":[{"taxonomy":"category","embeddable":true,"href":"https:\/\/linitiative.ca\/International\/wp-json\/wp\/v2\/categories?post=64799"},{"taxonomy":"post_tag","embeddable":true,"href":"https:\/\/linitiative.ca\/International\/wp-json\/wp\/v2\/tags?post=64799"}],"curies":[{"name":"wp","href":"https:\/\/api.w.org\/{rel}","templated":true}]}}