{"id":64801,"date":"2019-10-18T11:37:04","date_gmt":"2019-10-18T15:37:04","guid":{"rendered":"https:\/\/linitiative.ca\/International\/netflix-mettra-fin-au-partage-de-compte-entre-amis\/"},"modified":"2019-10-18T11:37:04","modified_gmt":"2019-10-18T15:37:04","slug":"netflix-mettra-fin-au-partage-de-compte-entre-amis","status":"publish","type":"post","link":"https:\/\/linitiative.ca\/International\/netflix-mettra-fin-au-partage-de-compte-entre-amis\/","title":{"rendered":"Netflix mettra fin au partage de compte entre amis"},"content":{"rendered":"<p><strong>Bient\u00f4t la fin des partages de compte chez Netflix! La plateforme de streaming am\u00e9ricaine envisage tr\u00e8s s\u00e9rieusement de mettre fin au partage de compte entre amis, pratique devenue monnaie courante chez les utilisateurs.<\/strong><\/p>\n<div class=\"c10\"\/>\n<p>Greg Peters, l\u2019un des hauts cadres de l\u2019entreprise a indiqu\u00e9, \u00e0 l\u2019occasion de la pr\u00e9sentation des r\u00e9sultats trimestriels de Netflix, que le partage de compte\u00a0faisait l\u2019objet d\u2019une surveillance accrue et que son groupe \u00e9tait \u00e0 la recherche de moyens de s\u2019y opposer, rapporte\u00a0The Daily Dot.\u00a0<\/p>\n<p>Depuis plusieurs ann\u00e9es, le partage de compte chez les abonn\u00e9s repr\u00e9sente un gouffre financier pour Netflix car il permet aux membres d\u2019une m\u00eame famille, ou d\u2019un groupe d\u2019amis, de profiter des services de la plateforme \u00e0 partir d\u2019un seul compte, sans d\u00e9bourser le moindre centime, violant ainsi les conditions d\u2019utilisations.<\/p>\n<p>Vous connaissez par c\u0153ur le principe des deux \u00e9crans connect\u00e9s \u00e0 l\u2019abonnement de base (11,99 euros par mois) et parfois vous \u00eates sur l\u2019abonnement familial (15,99 euros par mois) permettant de monter jusqu\u2019\u00e0 quatre \u00e9crans simultan\u00e9s.<\/p>\n<p>Toutefois, le service limite d\u00e9j\u00e0 le nombre de p\u00e9riph\u00e9riques sur lesquels un m\u00eame compte peut diffuser des contenus simultan\u00e9ment mais il veut bien encadrer plus s\u00e9v\u00e8rement le nombre de p\u00e9riph\u00e9riques autoris\u00e9s, afin d\u2019interdire l\u2019acc\u00e8s aux utilisateurs externes non enregistr\u00e9s.<\/p>\n<div class=\"c17\">\n<fieldset class=\"c16\">\n<legend><strong><span class=\"c11\">Challenge<\/span><span class=\"c12\">news<\/span><\/strong><\/legend>\n<div class=\"c15\">Le meilleur de la r\u00e9daction s\u00e9lectionn\u00e9 par Challenge :<\/p>\n<\/div>\n<\/fieldset>\n<\/div>\n<p>Auteur: Hajar DARI<br \/>\n<a href=\"https:\/\/www.challenge.ma\/netflix-mettra-fin-au-partage-de-compte-entre-amis-120680\/\">Cliquez ici pour lire l&rsquo;article depuis sa source.<\/a><\/p>\n","protected":false},"excerpt":{"rendered":"<p>Bient\u00f4t la fin des partages de compte chez Netflix! La plateforme de streaming am\u00e9ricaine envisage tr\u00e8s s\u00e9rieusement de mettre fin au partage de compte entre amis, pratique devenue monnaie courante chez les utilisateurs. Greg Peters, l\u2019un des hauts cadres de l\u2019entreprise a indiqu\u00e9, \u00e0 l\u2019occasion de la pr\u00e9sentation des r\u00e9sultats trimestriels de Netflix, que le [&hellip;]<\/p>\n","protected":false},"author":1787,"featured_media":0,"comment_status":"closed","ping_status":"closed","sticky":false,"template":"","format":"standard","meta":{"fifu_image_url":"","fifu_image_alt":"","footnotes":""},"categories":[78,54],"tags":[],"class_list":["post-64801","post","type-post","status-publish","format-standard","hentry","category-economie","category-maroc"],"_links":{"self":[{"href":"https:\/\/linitiative.ca\/International\/wp-json\/wp\/v2\/posts\/64801","targetHints":{"allow":["GET"]}}],"collection":[{"href":"https:\/\/linitiative.ca\/International\/wp-json\/wp\/v2\/posts"}],"about":[{"href":"https:\/\/linitiative.ca\/International\/wp-json\/wp\/v2\/types\/post"}],"author":[{"embeddable":true,"href":"https:\/\/linitiative.ca\/International\/wp-json\/wp\/v2\/users\/1787"}],"replies":[{"embeddable":true,"href":"https:\/\/linitiative.ca\/International\/wp-json\/wp\/v2\/comments?post=64801"}],"version-history":[{"count":0,"href":"https:\/\/linitiative.ca\/International\/wp-json\/wp\/v2\/posts\/64801\/revisions"}],"wp:attachment":[{"href":"https:\/\/linitiative.ca\/International\/wp-json\/wp\/v2\/media?parent=64801"}],"wp:term":[{"taxonomy":"category","embeddable":true,"href":"https:\/\/linitiative.ca\/International\/wp-json\/wp\/v2\/categories?post=64801"},{"taxonomy":"post_tag","embeddable":true,"href":"https:\/\/linitiative.ca\/International\/wp-json\/wp\/v2\/tags?post=64801"}],"curies":[{"name":"wp","href":"https:\/\/api.w.org\/{rel}","templated":true}]}}