{"id":64805,"date":"2019-10-18T16:12:44","date_gmt":"2019-10-18T20:12:44","guid":{"rendered":"https:\/\/linitiative.ca\/International\/tunisie-le-secretaire-general-regional-de-lugtt-a-sfax-recoit-une-lettre-de-menaces\/"},"modified":"2019-10-18T16:12:44","modified_gmt":"2019-10-18T20:12:44","slug":"tunisie-le-secretaire-general-regional-de-lugtt-a-sfax-recoit-une-lettre-de-menaces","status":"publish","type":"post","link":"https:\/\/linitiative.ca\/International\/tunisie-le-secretaire-general-regional-de-lugtt-a-sfax-recoit-une-lettre-de-menaces\/","title":{"rendered":"Tunisie \u2013 Le secr\u00e9taire g\u00e9n\u00e9ral r\u00e9gional de l\u2019UGTT \u00e0 Sfax re\u00e7oit une lettre de menaces"},"content":{"rendered":"<div class=\"post-cont-in left relative\">\n<div class=\"swp_social_panel swp_horizontal_panel swp_flat_fresh swp_default_full_color swp_individual_full_color swp_other_full_color scale-100 scale-\" data-min-width=\"1100\" data-float-color=\"#ffffff\" data-float=\"none\" data-float-mobile=\"none\" data-transition=\"slide\">\n<div class=\"nc_tweetContainer swp_share_button total_shares total_sharesalt\"><span class=\"swp_count\">12 <span class=\"swp_label\">Partages<\/span><\/span><\/div>\n<\/div>\n<p>Le Secr\u00e9taire g\u00e9n\u00e9ral r\u00e9gional de l\u2019UGTT \u00e0 Sfax, Abdelhedi Ben Jema\u00e2 a re\u00e7u une lettre anonyme contenant de s\u00e9rieuses menaces contre son int\u00e9grit\u00e9 physique.<\/p>\n<p>Des sources syndicales \u00e0 Sfax ont assur\u00e9 que la lettre contenait aussi, des d\u00e9tails tr\u00e8s graves, mais qu\u2019elles refusaient de les divulguer, puisqu\u2019il y a une affaire en justice qui est en cours.<\/p>\n<div class=\"code-block code-block-1 c3\"><ins class=\"adsbygoogle c2\" data-ad-layout=\"in-article\" data-ad-format=\"fluid\" data-ad-client=\"ca-pub-2102118777505746\" data-ad-slot=\"7301775417\"\/> <\/div>\n<p><strong>Que se passe-t-il en Tunisie?<\/strong><br \/>Nous expliquons sur notre <a href=\"https:\/\/www.youtube.com\/channel\/UCRzypVq0B_yBad5eGrwBx0Q?sub_confirmation=1\" target=\"_blank\" rel=\"noopener noreferrer\">cha\u00eene YouTube<\/a> . <a href=\"https:\/\/www.youtube.com\/channel\/UCRzypVq0B_yBad5eGrwBx0Q?sub_confirmation=1\" target=\"_blank\" rel=\"noopener noreferrer\">Abonnez-vous!<\/a><\/p>\n<div class=\"mvp-org-wrap mvp-org-logo\" itemprop=\"publisher\" itemscope=\"\" itemtype=\"https:\/\/schema.org\/Organization\"><img decoding=\"async\" src=\"https:\/\/www.tunisienumerique.com\/wp-content\/uploads\/2017\/02\/logo_tunisie_numerique.png\"\/><\/div>\n<div class=\"swp_social_panel swp_horizontal_panel swp_flat_fresh swp_default_full_color swp_individual_full_color swp_other_full_color scale-100 scale-\" data-min-width=\"1100\" data-float-color=\"#ffffff\" data-float=\"none\" data-float-mobile=\"none\" data-transition=\"slide\">\n<div class=\"nc_tweetContainer swp_share_button total_shares total_sharesalt\"><span class=\"swp_count\">12 <span class=\"swp_label\">Partages<\/span><\/span><\/div>\n<\/div>\n<div class=\"mvp-related-posts left relative\">\n<h4 class=\"post-header\"><span class=\"post-header\">Lire aussi<\/span><\/h4>\n<\/div>\n<\/div>\n<p>Auteur: LM<br \/>\n<a href=\"https:\/\/www.tunisienumerique.com\/tunisie-le-secretaire-general-regional-de-lugtt-a-sfax-recoit-une-lettre-de-menaces\/\">Cliquez ici pour lire l&rsquo;article depuis sa source.<\/a><\/p>\n","protected":false},"excerpt":{"rendered":"<p>12 Partages Le Secr\u00e9taire g\u00e9n\u00e9ral r\u00e9gional de l\u2019UGTT \u00e0 Sfax, Abdelhedi Ben Jema\u00e2 a re\u00e7u une lettre anonyme contenant de s\u00e9rieuses menaces contre son int\u00e9grit\u00e9 physique. Des sources syndicales \u00e0 Sfax ont assur\u00e9 que la lettre contenait aussi, des d\u00e9tails tr\u00e8s graves, mais qu\u2019elles refusaient de les divulguer, puisqu\u2019il y a une affaire en justice [&hellip;]<\/p>\n","protected":false},"author":1789,"featured_media":64806,"comment_status":"closed","ping_status":"closed","sticky":false,"template":"","format":"standard","meta":{"fifu_image_url":"","fifu_image_alt":"","footnotes":""},"categories":[73,55],"tags":[],"class_list":["post-64805","post","type-post","status-publish","format-standard","has-post-thumbnail","hentry","category-actualite","category-tunisie"],"_links":{"self":[{"href":"https:\/\/linitiative.ca\/International\/wp-json\/wp\/v2\/posts\/64805","targetHints":{"allow":["GET"]}}],"collection":[{"href":"https:\/\/linitiative.ca\/International\/wp-json\/wp\/v2\/posts"}],"about":[{"href":"https:\/\/linitiative.ca\/International\/wp-json\/wp\/v2\/types\/post"}],"author":[{"embeddable":true,"href":"https:\/\/linitiative.ca\/International\/wp-json\/wp\/v2\/users\/1789"}],"replies":[{"embeddable":true,"href":"https:\/\/linitiative.ca\/International\/wp-json\/wp\/v2\/comments?post=64805"}],"version-history":[{"count":0,"href":"https:\/\/linitiative.ca\/International\/wp-json\/wp\/v2\/posts\/64805\/revisions"}],"wp:featuredmedia":[{"embeddable":true,"href":"https:\/\/linitiative.ca\/International\/wp-json\/"}],"wp:attachment":[{"href":"https:\/\/linitiative.ca\/International\/wp-json\/wp\/v2\/media?parent=64805"}],"wp:term":[{"taxonomy":"category","embeddable":true,"href":"https:\/\/linitiative.ca\/International\/wp-json\/wp\/v2\/categories?post=64805"},{"taxonomy":"post_tag","embeddable":true,"href":"https:\/\/linitiative.ca\/International\/wp-json\/wp\/v2\/tags?post=64805"}],"curies":[{"name":"wp","href":"https:\/\/api.w.org\/{rel}","templated":true}]}}