{"id":64809,"date":"2019-10-18T16:50:38","date_gmt":"2019-10-18T20:50:38","guid":{"rendered":"https:\/\/linitiative.ca\/International\/tunisie-un-gardien-de-prison-blesse-a-la-tete-pour-avoir-secouru-une-jeune-fille-qui-se-faisait-braquer\/"},"modified":"2019-10-18T16:50:38","modified_gmt":"2019-10-18T20:50:38","slug":"tunisie-un-gardien-de-prison-blesse-a-la-tete-pour-avoir-secouru-une-jeune-fille-qui-se-faisait-braquer","status":"publish","type":"post","link":"https:\/\/linitiative.ca\/International\/tunisie-un-gardien-de-prison-blesse-a-la-tete-pour-avoir-secouru-une-jeune-fille-qui-se-faisait-braquer\/","title":{"rendered":"Tunisie \u2013 Un gardien de prison bless\u00e9 \u00e0 la t\u00eate pour avoir secouru une jeune fille qui se faisait braquer"},"content":{"rendered":"<div class=\"post-cont-in left relative\">\n<div class=\"swp_social_panel swp_horizontal_panel swp_flat_fresh swp_default_full_color swp_individual_full_color swp_other_full_color scale-100 scale-\" data-min-width=\"1100\" data-float-color=\"#ffffff\" data-float=\"none\" data-float-mobile=\"none\" data-transition=\"slide\">\n<div class=\"nc_tweetContainer swp_share_button total_shares total_sharesalt\"><span class=\"swp_count\">12 <span class=\"swp_label\">Partages<\/span><\/span><\/div>\n<\/div>\n<p>Un gardien de prison a \u00e9t\u00e9 gravement bless\u00e9 \u00e0 la t\u00eate par jet de pierre, apr\u00e8s qu\u2019il soit intervenu ce matin, dans la Cit\u00e9 El Ghazala \u00e0 Sousse, pour secourir une jeune fille qui se faisait braquer par deux d\u00e9linquants qui lui ont vol\u00e9 son t\u00e9l\u00e9phone portable.<\/p>\n<p>L\u2019agent en question a r\u00e9ussi \u00e0 faire fuir les deux agresseurs et \u00e0 leur reprendre le t\u00e9l\u00e9phone de la jeune fille. Pour se venger, ils lui ont jet\u00e9 des pierres, le touchant \u00e0 la t\u00eate. Ce qui a n\u00e9cessit\u00e9 son transfert \u00e0 l\u2019h\u00f4pital\u00a0o\u00f9 il\u00a0a subi\u00a0les soins chirurgicaux n\u00e9cessaires.<\/p>\n<div class=\"code-block code-block-1 c3\"><ins class=\"adsbygoogle c2\" data-ad-layout=\"in-article\" data-ad-format=\"fluid\" data-ad-client=\"ca-pub-2102118777505746\" data-ad-slot=\"7301775417\"\/> <\/div>\n<p><strong>Que se passe-t-il en Tunisie?<\/strong><br \/>Nous expliquons sur notre <a href=\"https:\/\/www.youtube.com\/channel\/UCRzypVq0B_yBad5eGrwBx0Q?sub_confirmation=1\" target=\"_blank\" rel=\"noopener noreferrer\">cha\u00eene YouTube<\/a> . <a href=\"https:\/\/www.youtube.com\/channel\/UCRzypVq0B_yBad5eGrwBx0Q?sub_confirmation=1\" target=\"_blank\" rel=\"noopener noreferrer\">Abonnez-vous!<\/a><\/p>\n<div class=\"mvp-org-wrap mvp-org-logo\" itemprop=\"publisher\" itemscope=\"\" itemtype=\"https:\/\/schema.org\/Organization\"><img decoding=\"async\" src=\"https:\/\/www.tunisienumerique.com\/wp-content\/uploads\/2017\/02\/logo_tunisie_numerique.png\"\/><\/div>\n<div class=\"swp_social_panel swp_horizontal_panel swp_flat_fresh swp_default_full_color swp_individual_full_color swp_other_full_color scale-100 scale-\" data-min-width=\"1100\" data-float-color=\"#ffffff\" data-float=\"none\" data-float-mobile=\"none\" data-transition=\"slide\">\n<div class=\"nc_tweetContainer swp_share_button total_shares total_sharesalt\"><span class=\"swp_count\">12 <span class=\"swp_label\">Partages<\/span><\/span><\/div>\n<\/div>\n<\/div>\n<p>Auteur: LM<br \/>\n<a href=\"https:\/\/www.tunisienumerique.com\/tunisie-un-gardien-de-prison-blesse-a-la-tete-pour-avoir-secouru-une-jeune-fille-qui-se-faisait-braquer\/\">Cliquez ici pour lire l&rsquo;article depuis sa source.<\/a><\/p>\n","protected":false},"excerpt":{"rendered":"<p>12 Partages Un gardien de prison a \u00e9t\u00e9 gravement bless\u00e9 \u00e0 la t\u00eate par jet de pierre, apr\u00e8s qu\u2019il soit intervenu ce matin, dans la Cit\u00e9 El Ghazala \u00e0 Sousse, pour secourir une jeune fille qui se faisait braquer par deux d\u00e9linquants qui lui ont vol\u00e9 son t\u00e9l\u00e9phone portable. L\u2019agent en question a r\u00e9ussi \u00e0 [&hellip;]<\/p>\n","protected":false},"author":1789,"featured_media":64810,"comment_status":"closed","ping_status":"closed","sticky":false,"template":"","format":"standard","meta":{"fifu_image_url":"","fifu_image_alt":"","footnotes":""},"categories":[73,55],"tags":[],"class_list":["post-64809","post","type-post","status-publish","format-standard","has-post-thumbnail","hentry","category-actualite","category-tunisie"],"_links":{"self":[{"href":"https:\/\/linitiative.ca\/International\/wp-json\/wp\/v2\/posts\/64809","targetHints":{"allow":["GET"]}}],"collection":[{"href":"https:\/\/linitiative.ca\/International\/wp-json\/wp\/v2\/posts"}],"about":[{"href":"https:\/\/linitiative.ca\/International\/wp-json\/wp\/v2\/types\/post"}],"author":[{"embeddable":true,"href":"https:\/\/linitiative.ca\/International\/wp-json\/wp\/v2\/users\/1789"}],"replies":[{"embeddable":true,"href":"https:\/\/linitiative.ca\/International\/wp-json\/wp\/v2\/comments?post=64809"}],"version-history":[{"count":0,"href":"https:\/\/linitiative.ca\/International\/wp-json\/wp\/v2\/posts\/64809\/revisions"}],"wp:featuredmedia":[{"embeddable":true,"href":"https:\/\/linitiative.ca\/International\/wp-json\/"}],"wp:attachment":[{"href":"https:\/\/linitiative.ca\/International\/wp-json\/wp\/v2\/media?parent=64809"}],"wp:term":[{"taxonomy":"category","embeddable":true,"href":"https:\/\/linitiative.ca\/International\/wp-json\/wp\/v2\/categories?post=64809"},{"taxonomy":"post_tag","embeddable":true,"href":"https:\/\/linitiative.ca\/International\/wp-json\/wp\/v2\/tags?post=64809"}],"curies":[{"name":"wp","href":"https:\/\/api.w.org\/{rel}","templated":true}]}}