{"id":64814,"date":"2019-10-18T06:43:51","date_gmt":"2019-10-18T10:43:51","guid":{"rendered":"https:\/\/linitiative.ca\/International\/reformes-de-luemoa-les-performances-du-burkina-en-examen\/"},"modified":"2019-10-18T06:43:51","modified_gmt":"2019-10-18T10:43:51","slug":"reformes-de-luemoa-les-performances-du-burkina-en-examen","status":"publish","type":"post","link":"https:\/\/linitiative.ca\/International\/reformes-de-luemoa-les-performances-du-burkina-en-examen\/","title":{"rendered":"R\u00e9formes de l\u2019UEMOA: les performances du Burkina en examen"},"content":{"rendered":"<div class=\"td-post-featured-image\"><a href=\"https:\/\/i0.wp.com\/www.sidwaya.info\/wp-content\/uploads\/2019\/10\/ecofine18.gif?fit=787%2C525&#038;ssl=1\" data-caption=\"\"><img loading=\"lazy\" decoding=\"async\" width=\"696\" height=\"464\" class=\"entry-thumb td-modal-image\" src=\"https:\/\/i0.wp.com\/www.sidwaya.info\/wp-content\/uploads\/2019\/10\/ecofine18.gif?resize=696%2C464&#038;ssl=1\" alt=\"\" title=\"ecofine18\"\/><\/a><\/div>\n<div class=\"td-a-rec td-a-rec-id-content_top td_uid_30_5daa322a0b3a2_rand td_block_template_1\"><img loading=\"lazy\" decoding=\"async\" class=\"aligncenter size-full wp-image-15084\" src=\"https:\/\/www.sidwaya.info\/wp-content\/uploads\/2019\/10\/Bannie%CC%80re.png\" alt=\"\" width=\"720\" height=\"90\"\/><\/div>\n<p><strong>L\u2019\u00e9tat de mise en \u0153uvre des r\u00e9formes, politiques, programmes et projets communautaires par le Burkina Faso est pass\u00e9 en revue par les experts nationaux et ceux de l\u2019UEMOA, du 16 au 18 octobre 2019, \u00e0 Ouagadougou.<\/strong><\/p>\n<p>Des experts de la commission de l\u2019Union \u00e9conomique et mon\u00e9taire ouest africaine (UEMOA) sont pr\u00e9sents \u00e0 Ouagadougou dans le cadre de la revue annuelle 2019 des performances du Burkina Faso dans la mise en \u0153uvre des r\u00e9formes communautaires d\u00e9finies par l\u2019Union. Du 16 au 18 octobre 2019, aux c\u00f4t\u00e9s de leurs homologues des d\u00e9partements minist\u00e9riels impliqu\u00e9s dans la mise en \u0153uvre des r\u00e9formes politiques, programmes et projets, ils vont faire le point des efforts d\u00e9ploy\u00e9s par le pays des Hommes int\u00e8gres et identifier les difficult\u00e9s auxquelles il est confront\u00e9 ainsi que les solutions pour acc\u00e9l\u00e9rer l\u2019int\u00e9gration. Pour le charg\u00e9 de mission \u00e0 la pr\u00e9sidence de la commission de l\u2019UEMOA, Ayih Atayi Agbobly, il sera question au cours de cet exercice de passer au crible la mise en \u0153uvre des actes communautaires, \u00e0 savoir les 113 textes r\u00e9glementaires et les 14 r\u00e9formes afin de d\u00e9gager les performances du Burkina Faso. Il a relev\u00e9 une innovation cette ann\u00e9e, il s\u2019agit de la prise en compte du respect des crit\u00e8res de convergence d\u00e9finis dans le Pacte de convergence, de stabilit\u00e9, de croissance et de solidarit\u00e9 (PCSC) par le Burkina Faso. \u00ab On s\u2019est rendu compte qu\u2019aucun pays ne respecte les crit\u00e8res de convergence. L\u2019objectif vis\u00e9 ainsi est d\u2019accro\u00eetre l\u2019engagement politique des Etats membres dans le processus de convergence dans la perspective de la cr\u00e9ation de la monnaie unique de la CEDEAO\u00bb, a-t-il expliqu\u00e9.<br \/>La directrice g\u00e9n\u00e9rale adjointe du Tr\u00e9sor et de la comptabilit\u00e9 publique, Ou\u00e9draogo\/Semd\u00e9 a, pour sa part, soulign\u00e9 que la revue annuelle des performances constitue la preuve de la pleine adh\u00e9sion du Burkina Faso au processus d\u2019int\u00e9gration au sein de l\u2019espace communautaire.<br \/>Selon elle, la finalit\u00e9 de la revue annuelle des performances est d\u2019approfondir l\u2019int\u00e9gration r\u00e9gionale dans tous les domaines. Elle a relev\u00e9 que la finalit\u00e9 des r\u00e9formes est de parvenir, \u00e0 terme, \u00e0 un d\u00e9veloppement \u00e9conomique, social et humain harmonieux. \u00ab En effet, il n\u2019est plus \u00e0 prouver que dans un environnement mondial, en perp\u00e9tuelle mutation, les r\u00e9formes constituent \u00e0 la fois une r\u00e9ponse pertinente et un levier privil\u00e9gi\u00e9 pour s\u2019adapter aux nouvelles situations et relever de nouveaux d\u00e9fis\u00bb, a-t-elle insist\u00e9.<\/p>\n<p>Le Burkina, un bon \u00e9l\u00e8ve<\/p>\n<p>Les r\u00e9formes de l\u2019UEMOA sont regroup\u00e9s en trois grandes cat\u00e9gories, \u00e0 savoir la gouvernance \u00e9conomique et la convergence ; le march\u00e9 commun et les r\u00e9formes touchant aux politiques sectorielles. La revue r\u00e9alis\u00e9e en 2018 a permis d\u2019enregistrer des avanc\u00e9es significatives en mati\u00e8re de transposition et d\u2019application des r\u00e9formes communautaires.<br \/>En effet, le taux moyen global de mise en \u0153uvre des r\u00e9formes au Burkina est pass\u00e9 de 78% en 2017 \u00e0 84% en 2018, selon Mme Ou\u00e9draogo.<br \/>La DG adjointe du Tr\u00e9sor a annonc\u00e9 que les r\u00e9sultats de l\u2019\u00e9valuation vont donner lieu \u00e0 un m\u00e9morandum qui sera soumis \u00e0 l\u2019examen des ministres lors de leur rencontre pour le volet politique de la revue annuelle en pr\u00e9sence du pr\u00e9sident de la commission de l\u2019UEMOA.<br \/>La revue annuelle des performances des Etats membres a \u00e9t\u00e9 institu\u00e9e en 2013 par les chefs d\u2019Etat et de gouvernement \u00e0 travers l\u2019adoption de l\u2019acte additionnel n\u00b005\/2013\/CCEG\/UEMOA du 24 octobre 2013. A l\u2019issue d\u2019un atelier r\u00e9gional, tenu les 6 et 7 septembre 2019 \u00e0 Ouagadougou, il a \u00e9t\u00e9 retenu que dor\u00e9navant, la phase technique de la revue annuelle se tiendra du 15 au 31 octobre.<br \/>Cette ann\u00e9e, le calendrier retenu pour les phases techniques et politiques de la revue est la p\u00e9riode du 16 au 23 octobre 2019.<\/p>\n<p>Nad\u00e8ge YE<\/p>\n<div class=\"td-a-rec td-a-rec-id-content_bottom td_uid_31_5daa322a0b547_rand td_block_template_1\"><img loading=\"lazy\" decoding=\"async\" class=\"aligncenter size-full wp-image-9623\" src=\"https:\/\/www.sidwaya.info\/wp-content\/uploads\/2019\/06\/Projet-bannie%CC%80re-Orange-mobile.jpg\" alt=\"\" width=\"728\" height=\"81\"\/><\/div>\n<p>Auteur: BM. Sidwaya<br \/>\n<a href=\"https:\/\/www.sidwaya.info\/blog\/2019\/10\/18\/reformes-de-luemoa-les-performances-du-burkina-en-examen\/\">Cliquez ici pour lire l&rsquo;article depuis sa source.<\/a><\/p>\n","protected":false},"excerpt":{"rendered":"<p>L\u2019\u00e9tat de mise en \u0153uvre des r\u00e9formes, politiques, programmes et projets communautaires par le Burkina Faso est pass\u00e9 en revue par les experts nationaux et ceux de l\u2019UEMOA, du 16 au 18 octobre 2019, \u00e0 Ouagadougou. Des experts de la commission de l\u2019Union \u00e9conomique et mon\u00e9taire ouest africaine (UEMOA) sont pr\u00e9sents \u00e0 Ouagadougou dans le [&hellip;]<\/p>\n","protected":false},"author":1816,"featured_media":0,"comment_status":"closed","ping_status":"closed","sticky":false,"template":"","format":"standard","meta":{"fifu_image_url":"","fifu_image_alt":"","footnotes":""},"categories":[73,81],"tags":[],"class_list":["post-64814","post","type-post","status-publish","format-standard","hentry","category-actualite","category-burkina-faso"],"_links":{"self":[{"href":"https:\/\/linitiative.ca\/International\/wp-json\/wp\/v2\/posts\/64814","targetHints":{"allow":["GET"]}}],"collection":[{"href":"https:\/\/linitiative.ca\/International\/wp-json\/wp\/v2\/posts"}],"about":[{"href":"https:\/\/linitiative.ca\/International\/wp-json\/wp\/v2\/types\/post"}],"author":[{"embeddable":true,"href":"https:\/\/linitiative.ca\/International\/wp-json\/wp\/v2\/users\/1816"}],"replies":[{"embeddable":true,"href":"https:\/\/linitiative.ca\/International\/wp-json\/wp\/v2\/comments?post=64814"}],"version-history":[{"count":0,"href":"https:\/\/linitiative.ca\/International\/wp-json\/wp\/v2\/posts\/64814\/revisions"}],"wp:attachment":[{"href":"https:\/\/linitiative.ca\/International\/wp-json\/wp\/v2\/media?parent=64814"}],"wp:term":[{"taxonomy":"category","embeddable":true,"href":"https:\/\/linitiative.ca\/International\/wp-json\/wp\/v2\/categories?post=64814"},{"taxonomy":"post_tag","embeddable":true,"href":"https:\/\/linitiative.ca\/International\/wp-json\/wp\/v2\/tags?post=64814"}],"curies":[{"name":"wp","href":"https:\/\/api.w.org\/{rel}","templated":true}]}}