{"id":64815,"date":"2019-10-18T06:47:23","date_gmt":"2019-10-18T10:47:23","guid":{"rendered":"https:\/\/linitiative.ca\/International\/journee-du-tirailleur-africain-un-devoir-de-memoire-pour-les-soldats-tombes\/"},"modified":"2019-10-18T06:47:23","modified_gmt":"2019-10-18T10:47:23","slug":"journee-du-tirailleur-africain-un-devoir-de-memoire-pour-les-soldats-tombes","status":"publish","type":"post","link":"https:\/\/linitiative.ca\/International\/journee-du-tirailleur-africain-un-devoir-de-memoire-pour-les-soldats-tombes\/","title":{"rendered":"Journ\u00e9e du tirailleur africain: un devoir de m\u00e9moire  pour les soldats tomb\u00e9s"},"content":{"rendered":"<div class=\"td-post-featured-image\"><a href=\"https:\/\/i2.wp.com\/www.sidwaya.info\/wp-content\/uploads\/2019\/10\/depotgf.gif?fit=787%2C525&#038;ssl=1\" data-caption=\"\"><img loading=\"lazy\" decoding=\"async\" width=\"696\" height=\"464\" class=\"entry-thumb td-modal-image\" src=\"https:\/\/i2.wp.com\/www.sidwaya.info\/wp-content\/uploads\/2019\/10\/depotgf.gif?resize=696%2C464&#038;ssl=1\" alt=\"\" title=\"depotgf\"\/><\/a><\/div>\n<div class=\"td-a-rec td-a-rec-id-content_top td_uid_30_5daa3116f2772_rand td_block_template_1\"><img loading=\"lazy\" decoding=\"async\" class=\"aligncenter size-full wp-image-15084\" src=\"https:\/\/www.sidwaya.info\/wp-content\/uploads\/2019\/10\/Bannie%CC%80re.png\" alt=\"\" width=\"720\" height=\"90\"\/><\/div>\n<p><strong>Les Forces arm\u00e9es nationales (FAN) du Burkina ont comm\u00e9mor\u00e9, le jeudi 17 octobre 2019, la journ\u00e9e d\u2019hommage aux tirailleurs africains et aux fr\u00e8res d\u2019armes tomb\u00e9s sur le champ d\u2019honneur \u00e0 travers un d\u00e9p\u00f4t de gerbes de fleurs au pied du monument des Martyr de la Nation.<\/strong><\/p>\n<p>Les tirailleurs africains qui se sont battus aux c\u00f4t\u00e9s des troupes fran\u00e7aises pour la lib\u00e9ration de la France pendant les deux guerres mondiales sont d\u00e9finitivement entr\u00e9s dans l\u2019histoire par l\u2019institution de la journ\u00e9e d\u2019hommage aux tirailleurs africains. Au Burkina Faso, cette journ\u00e9e, comm\u00e9mor\u00e9e hier 17 octobre 2019 \u00e0 Ouagadougou, a \u00e9t\u00e9 une occasion pour les Forces arm\u00e9es nationales (FAN) de s\u2019incliner devant la m\u00e9moire de leurs fr\u00e8res d\u2019armes tomb\u00e9s sur le champ d\u2019honneur. L\u2019hymne aux morts donne le ton du c\u00e9r\u00e9monial \u00e0 la Place de la Nation. Deux soldats avancent \u00e0 pas cadenc\u00e9s tenant des gerbes de fleurs. Derri\u00e8re eux, le ministre de la D\u00e9fense nationale et des Anciens combattants, Moumina Ch\u00e9riff Sy et le pr\u00e9sident de l\u2019Association unique des anciens combattants, anciens militaires, veuves et orphelins de guerres, mais aussi le commandant \u00e0 la retraite, Paul Tond\u00e9, suivent lentement jusqu\u2019au pied du Monument des Martyrs de la Nation o\u00f9 ils d\u00e9posent les gerbes. Dans un silence lourd, charg\u00e9 d\u2019\u00e9motion, l\u2019instant est solennel. Pour Ch\u00e9riff Sy, les soldats volta\u00efques se sont illustr\u00e9s par leur bravoure sur tous les fronts o\u00f9 ils ont \u00e9t\u00e9 appel\u00e9s \u00e0 servir sous les drapeaux fran\u00e7ais pendant les deux grandes guerres. \u00abC\u2019est le lieu pour nous de leur rendre hommage et de saluer leur m\u00e9moire ainsi que celle de tous les soldats qui se sont sacrifi\u00e9s en voulant d\u00e9fendre la patrie\u00bb, a-t-il indiqu\u00e9. Ce dernier a rappel\u00e9, avec regret, le fait que certains de ses militaires qui ont combattu avec honneur, dignit\u00e9 et fiert\u00e9 pour la France n\u2019ont pas eu en retour la r\u00e9compense attendue. \u00abLes pensions ont \u00e9t\u00e9 cristallis\u00e9es et beaucoup d\u2019entre eux sont morts avant d\u2019\u00eatre r\u00e9tablis dans leurs droits par l\u2019Etat fran\u00e7ais\u00bb, a-t-il d\u00e9plor\u00e9. Ch\u00e9riff Sy a aussi traduit sa reconnaissance \u00e0 l\u2019Association unique des anciens combattants, anciens militaires, veuves et orphelins de guerre qui a saisi l\u2019occasion pour remettre la somme d\u2019un million F CFA en soutien aux Forces de d\u00e9fense et de s\u00e9curit\u00e9 (FDS). \u00abC\u2019est un geste fort important et nous le porterons \u00e0 la connaissance du pr\u00e9sident du Faso, Roch Marc Christian Kabor\u00e9, le chef supr\u00eame des arm\u00e9es\u00bb, a-t-il fait savoir.<\/p>\n<p>Soutenir les jeunes fr\u00e8res au front<\/p>\n<p>Le d\u00e9l\u00e9gu\u00e9 des anciens combattants et anciens militaires, le colonel-major Komyaba Pascal Sawadogo, s\u2019est r\u00e9joui de la tenue de cette journ\u00e9e dont l\u2019objectif principal est de reconna\u00eetre le m\u00e9rite des soldats africains ayant combattu aux c\u00f4t\u00e9s de la France pendant les grandes guerres et commun\u00e9ment appel\u00e9s tirailleurs s\u00e9n\u00e9galais. \u00abLa journ\u00e9e est comm\u00e9mor\u00e9e en France le 15 ao\u00fbt de chaque ann\u00e9e, date correspondant au d\u00e9barquement de Provences en France tandis qu\u2019en Afrique, elle se tient le 23 ao\u00fbt date de la lib\u00e9ration de la ville fran\u00e7aise de Toulon par le 6e R\u00e9giment de tirailleurs s\u00e9n\u00e9galais (RTS) \u00e0 l\u2019\u00e9poque\u00bb, a expliqu\u00e9 le colonel-major. De l\u2019avis du pr\u00e9sident de l\u2019Association unique des anciens combattants, anciens militaires, veuves et orphelins de guerre, le commandant \u00e0 la retraite Paul Tond\u00e9, plus qu\u2019une comm\u00e9moration, c\u2019est un devoir de m\u00e9moire \u00e0 l\u2019endroit des soldats ayant combattu pour la lib\u00e9ration de la France, qu\u2019ils soient vivants ou morts. Selon lui, la participation des soldats africains et particuli\u00e8rement ceux de la Haute-Volta de l\u2019\u00e9poque a \u00e9t\u00e9 salutaire pour la France. \u00abNous \u00e9tions nombreux. Certains d\u2019entre nous sont tomb\u00e9s sur le champ d\u2019honneur et les plus chanceux s\u2019en sont sortis avec des membres incomplets ou fait prisonniers. C\u2019est \u00e0 ce prix que la France a \u00e9t\u00e9 lib\u00e9r\u00e9e de l\u2019envahisseur allemand et de ses alli\u00e9s\u00bb, a pr\u00e9cis\u00e9 M. Tond\u00e9. Le don de la somme d\u2019un million F CFA est une fa\u00e7on, a-t-il dit, pour les anciens combattants et anciens militaires de r\u00e9affirmer leur engagement \u00e0 soutenir leurs jeunes fr\u00e8res, actuellement au front contre la menace terroriste et le grand banditisme. \u00abNous leur souhaitons beaucoup de d\u00e9termination et de courage sur les th\u00e9\u00e2tres d\u2019op\u00e9ration sur lesquels ils se battent contre un ennemi indivisible \u00bb, a conclu le militaire \u00e0 la retraite.<\/p>\n<p>Beyon Romain NEBIE<br \/>nbeyonromain@yahoo.fr<\/p>\n<div class=\"td-a-rec td-a-rec-id-content_bottom td_uid_31_5daa3116f2939_rand td_block_template_1\"><img loading=\"lazy\" decoding=\"async\" class=\"aligncenter size-full wp-image-9623\" src=\"https:\/\/www.sidwaya.info\/wp-content\/uploads\/2019\/06\/Projet-bannie%CC%80re-Orange-mobile.jpg\" alt=\"\" width=\"728\" height=\"81\"\/><\/div>\n<p>Auteur: BM. Sidwaya<br \/>\n<a href=\"https:\/\/www.sidwaya.info\/blog\/2019\/10\/18\/journee-du-tirailleur-africain-un-devoir-de-memoire-pour-les-soldats-tombes\/\">Cliquez ici pour lire l&rsquo;article depuis sa source.<\/a><\/p>\n","protected":false},"excerpt":{"rendered":"<p>Les Forces arm\u00e9es nationales (FAN) du Burkina ont comm\u00e9mor\u00e9, le jeudi 17 octobre 2019, la journ\u00e9e d\u2019hommage aux tirailleurs africains et aux fr\u00e8res d\u2019armes tomb\u00e9s sur le champ d\u2019honneur \u00e0 travers un d\u00e9p\u00f4t de gerbes de fleurs au pied du monument des Martyr de la Nation. Les tirailleurs africains qui se sont battus aux c\u00f4t\u00e9s [&hellip;]<\/p>\n","protected":false},"author":1816,"featured_media":0,"comment_status":"closed","ping_status":"closed","sticky":false,"template":"","format":"standard","meta":{"fifu_image_url":"","fifu_image_alt":"","footnotes":""},"categories":[73,81],"tags":[],"class_list":["post-64815","post","type-post","status-publish","format-standard","hentry","category-actualite","category-burkina-faso"],"_links":{"self":[{"href":"https:\/\/linitiative.ca\/International\/wp-json\/wp\/v2\/posts\/64815","targetHints":{"allow":["GET"]}}],"collection":[{"href":"https:\/\/linitiative.ca\/International\/wp-json\/wp\/v2\/posts"}],"about":[{"href":"https:\/\/linitiative.ca\/International\/wp-json\/wp\/v2\/types\/post"}],"author":[{"embeddable":true,"href":"https:\/\/linitiative.ca\/International\/wp-json\/wp\/v2\/users\/1816"}],"replies":[{"embeddable":true,"href":"https:\/\/linitiative.ca\/International\/wp-json\/wp\/v2\/comments?post=64815"}],"version-history":[{"count":0,"href":"https:\/\/linitiative.ca\/International\/wp-json\/wp\/v2\/posts\/64815\/revisions"}],"wp:attachment":[{"href":"https:\/\/linitiative.ca\/International\/wp-json\/wp\/v2\/media?parent=64815"}],"wp:term":[{"taxonomy":"category","embeddable":true,"href":"https:\/\/linitiative.ca\/International\/wp-json\/wp\/v2\/categories?post=64815"},{"taxonomy":"post_tag","embeddable":true,"href":"https:\/\/linitiative.ca\/International\/wp-json\/wp\/v2\/tags?post=64815"}],"curies":[{"name":"wp","href":"https:\/\/api.w.org\/{rel}","templated":true}]}}