{"id":64816,"date":"2019-10-18T06:51:32","date_gmt":"2019-10-18T10:51:32","guid":{"rendered":"https:\/\/linitiative.ca\/International\/soutien-aux-victimes-des-attaques-terroristes\/"},"modified":"2019-10-18T06:51:32","modified_gmt":"2019-10-18T10:51:32","slug":"soutien-aux-victimes-des-attaques-terroristes","status":"publish","type":"post","link":"https:\/\/linitiative.ca\/International\/soutien-aux-victimes-des-attaques-terroristes\/","title":{"rendered":"Soutien aux victimes  des attaques terroristes"},"content":{"rendered":"<div class=\"td-post-featured-image\"><a href=\"https:\/\/i2.wp.com\/www.sidwaya.info\/wp-content\/uploads\/2019\/10\/Ghana18.gif?fit=787%2C508&#038;ssl=1\" data-caption=\"\"><img loading=\"lazy\" decoding=\"async\" width=\"696\" height=\"449\" class=\"entry-thumb td-modal-image\" src=\"https:\/\/i2.wp.com\/www.sidwaya.info\/wp-content\/uploads\/2019\/10\/Ghana18.gif?resize=696%2C449&#038;ssl=1\" alt=\"\" title=\"Ghana18\"\/><\/a><\/div>\n<div class=\"td-a-rec td-a-rec-id-content_top td_uid_30_5daa2da2683de_rand td_block_template_1\"><img loading=\"lazy\" decoding=\"async\" class=\"aligncenter size-full wp-image-15084\" src=\"https:\/\/www.sidwaya.info\/wp-content\/uploads\/2019\/10\/Bannie%CC%80re.png\" alt=\"\" width=\"720\" height=\"90\"\/><\/div>\n<p><strong>L\u2019ambassadeur de la R\u00e9publique du Ghana au Burkina a fait don d\u2019un ch\u00e8que de 200 mille dollars au Burkina Faso, soit un montant de 117 millions 161 mille 116 FCFA, le jeudi 17 octobre 2019 \u00e0 Ouagadougou. Ce geste vise \u00e0 soutenir les victimes des attaques terroristes.<\/strong><\/p>\n<p>Le Ghana, pays \u00abfr\u00e8re\u00bb du Burkina Faso a encore montr\u00e9 sa solidarit\u00e9 au pays des Hommes int\u00e8gres, face aux multiples attaques terroristes, qui ont fait des milliers de d\u00e9plac\u00e9s des provinces vers les villes. C\u2019est pour soutenir ces efforts dans la gestion de la crise humanitaire, que le pr\u00e9sident ghan\u00e9en a offert un ch\u00e8que de plus de 110 millions F CFA \u00e0 toutes les personnes touch\u00e9es par l\u2019hydre terroriste. La c\u00e9r\u00e9monie de remise a eu lieu, le jeudi 17 octobre 2019 \u00e0 Ouagadougou. \u00abMon pays a suivi, de bout en bout, tous les \u00e9v\u00e9nements malheureux qui se sont d\u00e9roul\u00e9s sur le territoire burkinab\u00e8. C\u2019est pourquoi, le pr\u00e9sident ghan\u00e9en a jug\u00e9 qu\u2019il \u00e9tait n\u00e9cessaire d\u2019accompagner financi\u00e8rement les victimes et les familles des soldats tomb\u00e9s\u00bb, a d\u00e9clar\u00e9 l\u2019ambassadeur de la R\u00e9publique du Ghana au Burkina, Naa Bolina Saaka. Le ministre des Affaires \u00e9trang\u00e8res et de la Coop\u00e9ration, Alpha Barry, a appr\u00e9ci\u00e9 positivement ce geste \u00abnoble\u00bb du Ghana dans la lutte contre le terrorisme au Burkina Faso. Pour lui, les relations entre les deux pays sont fructueuses. Il a confi\u00e9 que le pr\u00e9sident du Faso, Roch Marc Christian Kabor\u00e9, d\u00e9j\u00e0 inform\u00e9 du don, a dit t\u00e9moign\u00e9 toute sa gratitude \u00e0 son homologue Nana Akufo-Addo. Le ministre Barry a exprim\u00e9 la reconnaissance de la premi\u00e8re b\u00e9n\u00e9ficiaire, la ministre en charge de l\u2019action humanitaire, aupr\u00e8s du pays donateur. Il a, par ailleurs, not\u00e9 que l\u2019ampleur du drame de cette situation est pr\u00e9occupante et le Burkina Faso, \u00e0 lui seul, ne peut y faire face. C\u2019est la raison pour laquelle, a affirm\u00e9 M. Barry, que l\u2019Etat a fait appel \u00e0 la communaut\u00e9 internationale pour lui venir en aide. \u00abCette action du Ghana nous va droit au c\u0153ur, car beaucoup de Burkinab\u00e8 vivent des moments difficiles, \u00e0 la suite des attaques perp\u00e9tr\u00e9es dans leurs localit\u00e9s. Des familles ont d\u00fb quitter leurs terres qu\u2019elles cultivent depuis de longues ann\u00e9es, pour se retrouver dans des camps de r\u00e9fugi\u00e9s\u00bb, a rappel\u00e9 le ministre en charge la coop\u00e9ration.<\/p>\n<p>Afs\u00e9tou SAWADOGO<\/p>\n<div class=\"td-a-rec td-a-rec-id-content_bottom td_uid_31_5daa2da26858b_rand td_block_template_1\"><img loading=\"lazy\" decoding=\"async\" class=\"aligncenter size-full wp-image-9623\" src=\"https:\/\/www.sidwaya.info\/wp-content\/uploads\/2019\/06\/Projet-bannie%CC%80re-Orange-mobile.jpg\" alt=\"\" width=\"728\" height=\"81\"\/><\/div>\n<p>Auteur: BM. Sidwaya<br \/>\n<a href=\"https:\/\/www.sidwaya.info\/blog\/2019\/10\/18\/soutien-aux-victimes-des-attaques-terroristes\/\">Cliquez ici pour lire l&rsquo;article depuis sa source.<\/a><\/p>\n","protected":false},"excerpt":{"rendered":"<p>L\u2019ambassadeur de la R\u00e9publique du Ghana au Burkina a fait don d\u2019un ch\u00e8que de 200 mille dollars au Burkina Faso, soit un montant de 117 millions 161 mille 116 FCFA, le jeudi 17 octobre 2019 \u00e0 Ouagadougou. Ce geste vise \u00e0 soutenir les victimes des attaques terroristes. Le Ghana, pays \u00abfr\u00e8re\u00bb du Burkina Faso a [&hellip;]<\/p>\n","protected":false},"author":1816,"featured_media":0,"comment_status":"closed","ping_status":"closed","sticky":false,"template":"","format":"standard","meta":{"fifu_image_url":"","fifu_image_alt":"","footnotes":""},"categories":[73,81],"tags":[],"class_list":["post-64816","post","type-post","status-publish","format-standard","hentry","category-actualite","category-burkina-faso"],"_links":{"self":[{"href":"https:\/\/linitiative.ca\/International\/wp-json\/wp\/v2\/posts\/64816","targetHints":{"allow":["GET"]}}],"collection":[{"href":"https:\/\/linitiative.ca\/International\/wp-json\/wp\/v2\/posts"}],"about":[{"href":"https:\/\/linitiative.ca\/International\/wp-json\/wp\/v2\/types\/post"}],"author":[{"embeddable":true,"href":"https:\/\/linitiative.ca\/International\/wp-json\/wp\/v2\/users\/1816"}],"replies":[{"embeddable":true,"href":"https:\/\/linitiative.ca\/International\/wp-json\/wp\/v2\/comments?post=64816"}],"version-history":[{"count":0,"href":"https:\/\/linitiative.ca\/International\/wp-json\/wp\/v2\/posts\/64816\/revisions"}],"wp:attachment":[{"href":"https:\/\/linitiative.ca\/International\/wp-json\/wp\/v2\/media?parent=64816"}],"wp:term":[{"taxonomy":"category","embeddable":true,"href":"https:\/\/linitiative.ca\/International\/wp-json\/wp\/v2\/categories?post=64816"},{"taxonomy":"post_tag","embeddable":true,"href":"https:\/\/linitiative.ca\/International\/wp-json\/wp\/v2\/tags?post=64816"}],"curies":[{"name":"wp","href":"https:\/\/api.w.org\/{rel}","templated":true}]}}