{"id":64823,"date":"2019-10-18T16:50:03","date_gmt":"2019-10-18T20:50:03","guid":{"rendered":"https:\/\/linitiative.ca\/International\/le-frere-du-president-hondurien-reconnu-coupable-de-trafic-de-drogue-a-new-york\/"},"modified":"2019-10-18T16:50:03","modified_gmt":"2019-10-18T20:50:03","slug":"le-frere-du-president-hondurien-reconnu-coupable-de-trafic-de-drogue-a-new-york","status":"publish","type":"post","link":"https:\/\/linitiative.ca\/International\/le-frere-du-president-hondurien-reconnu-coupable-de-trafic-de-drogue-a-new-york\/","title":{"rendered":"Le fr\u00e8re du pr\u00e9sident hondurien reconnu coupable de trafic de drogue \u00e0 New York"},"content":{"rendered":"<div readability=\"32\">\n<p>Publi\u00e9 le 18.10.2019 \u00e0 21h50 par AFP<\/p>\n<\/div>\n<div readability=\"131\">\n<p>Le fr\u00e8re du pr\u00e9sident hondurien Juan Orlando Hernandez a \u00e9t\u00e9 reconnu coupable de trafic de coca\u00efne par un jury new-yorkais vendredi, une d\u00e9cision imm\u00e9diatement d\u00e9nonc\u00e9e par le dirigeant hondurien alors que l\u2019opposition appelait \u00e0 des manifestations pour r\u00e9clamer sa d\u00e9mission.<\/p>\n<p>Apr\u00e8s deux semaines d\u2019un proc\u00e8s o\u00f9 les nombreuses accusations de pots-de-vin ont plong\u00e9 le gouvernement hondurien dans l\u2019embarras, les 12 jur\u00e9s du tribunal f\u00e9d\u00e9ral de Manhattan ont reconnu Tony Hernandez coupable des quatre chefs d\u2019accusation contre lui, dont trafic de drogue, faux t\u00e9moignage et possession d\u2019armes \u00e0 feu.<\/p>\n<p>Le fr\u00e8re du pr\u00e9sident hondurien, un ex-d\u00e9put\u00e9 de 41 ans, devrait conna\u00eetre sa peine lors d\u2019une audience fix\u00e9e au 17 janvier 2020.<\/p>\n<p>Emprisonn\u00e9 aux Etats-Unis depuis son arrestation \u00e0 l\u2019a\u00e9roport de Miami en novembre 2018, il risque d\u00e9sormais la prison \u00e0 perp\u00e9tuit\u00e9.<\/p>\n<p>Le pr\u00e9sident Juan Orlando Hernandez, ou \u00ab\u00a0JOH\u00a0\u00bb, a imm\u00e9diatement d\u00e9nonc\u00e9 ce verdict, en son nom et au nom de sa famille, dont plusieurs membres \u00e9taient au tribunal lors de l\u2019annonce du verdict.<\/p>\n<p>\u00ab\u00a0J\u2019ai appris avec une grande tristesse la nouvelle du jugement new-yorkais\u00a0\u00bb, a r\u00e9agi sur Twitter ce dirigeant qui s\u2019est montr\u00e9 un partenaire privil\u00e9gi\u00e9 de Donald Trump.<\/p>\n<p>\u00ab\u00a0Que peut-on dire d\u2019une condamnation bas\u00e9e sur des t\u00e9moignages d\u2019assassins reconnus?\u00a0\u00bb<\/p>\n<p>\u00ab\u00a0Au nom du gouvernement du Honduras et de ses institutions, nous rejetons les versions fausses et irresponsables qui cherchent \u00e0 salir le nom du Honduras \u00e0 l\u2019origine de ce jugement\u00a0\u00bb, a-t-il ajout\u00e9.<\/p>\n<p>Mais l\u2019opposant et ex-pr\u00e9sident de gauche Manuel Zelaya, renvers\u00e9 par un coup d\u2019Etat en 2009, s\u2019est lui f\u00e9licit\u00e9 sur Twitter que \u00ab\u00a0la justice nord-am\u00e9ricaine ait r\u00e9v\u00e9l\u00e9 le r\u00e9seau de trafic de drogue et de corruption dirig\u00e9 par l\u2019Etat du Honduras\u00a0\u00bb.<\/p>\n<p>Il a appel\u00e9 \u00e0 une mobilisation nationale pour r\u00e9clamer la d\u00e9mission du pr\u00e9sident.<\/p>\n<p>A Manhattan, des membres de la famille de Tony Hernandez, qui \u00e9taient au tribunal pour l\u2019annonce du verdict, ont \u00e9t\u00e9 accueillis \u00e0 leur sortie aux cris de \u00ab\u00a0Dehors JOH!\u00a0\u00bb.<\/p>\n<p>\u2013 \u00ab\u00a0Impunit\u00e9 totale\u00a0\u00bb \u2013<\/p>\n<p>Lors du proc\u00e8s, le procureur f\u00e9d\u00e9ral avait affirm\u00e9, t\u00e9moignages d\u2019ex-trafiquants \u00e0 l\u2019appui, que Tony Hernandez \u00e9tait impliqu\u00e9 dans le trafic de coca\u00efne depuis 2004 au moins, op\u00e9rant \u00ab\u00a0avec une impunit\u00e9 totale\u00a0\u00bb gr\u00e2ce \u00e0 la protection de son fr\u00e8re, contribuant \u00e0 \u00ab\u00a0pourrir les institutions du Honduras\u00a0\u00bb.<\/p>\n<p>\u00ab\u00a0L\u2019accus\u00e9 \u00e9tait prot\u00e9g\u00e9 par l\u2019actuel pr\u00e9sident (du Honduras), qui a re\u00e7u des millions de dollars de pots-de-vin de narcotrafiquants, dont (Joaquin) Guzman +El Chapo+\u00a0\u00bb, avait d\u00e9clar\u00e9 le procureur d\u00e8s l\u2019ouverture du proc\u00e8s le 2 octobre.<\/p>\n<p>Quelques jours plus tard, Alexander Ardon, ex-narcotrafiquant et ex-maire hondurien, avait notamment t\u00e9moign\u00e9 \u00e0 la barre avoir assist\u00e9 en 2013 \u00e0 une r\u00e9union lors de laquelle le puissant co-dirigeant du cartel de Sinaloa aurait remis un million de dollars en esp\u00e8ces \u00e0 Tony Hernandez, une somme destin\u00e9e \u00e0 la campagne \u00e9lectorale de son fr\u00e8re.<\/p>\n<p>Le pr\u00e9sident hondurien avait qualifi\u00e9 ces accusations de \u00ab\u00a0fausses \u00e0 100%, absurdes et ridicules\u00a0\u00bb, mais elles avaient suscit\u00e9 des appels \u00e0 sa d\u00e9mission et des manifestations au Honduras.<\/p>\n<p>L\u2019avocat de la d\u00e9fense, Omar Malone, avait lui mis en doute la cr\u00e9dibilit\u00e9 des t\u00e9moins \u00e0 l\u2019origine de ces accusations, pour la plupart des ex-narcotrafiquants parfois reconnus coupables d\u2019assassinats. Et fait valoir que la seule \u00e9vocation du c\u00e9l\u00e8bre narcotrafiquant mexicain El Chapo ne pouvait remplacer l\u2019absence de preuves mat\u00e9rielles.<\/p>\n<p>Mais ces arguments n\u2019ont visiblement pas \u00e9branl\u00e9 les jur\u00e9s, qui ont rendu leur verdict de culpabilit\u00e9 vendredi apr\u00e8s moins de deux jours de d\u00e9lib\u00e9rations.<\/p>\n<\/div>\n<p>Auteur: AFP<br \/>\n<a href=\"https:\/\/www.journalducameroun.com\/le-frere-du-president-hondurien-reconnu-coupable-de-trafic-de-drogue-a-new-york\/\">Cliquez ici pour lire l&rsquo;article depuis sa source.<\/a><\/p>\n","protected":false},"excerpt":{"rendered":"<p>Publi\u00e9 le 18.10.2019 \u00e0 21h50 par AFP Le fr\u00e8re du pr\u00e9sident hondurien Juan Orlando Hernandez a \u00e9t\u00e9 reconnu coupable de trafic de coca\u00efne par un jury new-yorkais vendredi, une d\u00e9cision imm\u00e9diatement d\u00e9nonc\u00e9e par le dirigeant hondurien alors que l\u2019opposition appelait \u00e0 des manifestations pour r\u00e9clamer sa d\u00e9mission. Apr\u00e8s deux semaines d\u2019un proc\u00e8s o\u00f9 les nombreuses [&hellip;]<\/p>\n","protected":false},"author":1965,"featured_media":0,"comment_status":"closed","ping_status":"closed","sticky":false,"template":"","format":"standard","meta":{"fifu_image_url":"","fifu_image_alt":"","footnotes":""},"categories":[73,82],"tags":[],"class_list":["post-64823","post","type-post","status-publish","format-standard","hentry","category-actualite","category-cameroun"],"_links":{"self":[{"href":"https:\/\/linitiative.ca\/International\/wp-json\/wp\/v2\/posts\/64823","targetHints":{"allow":["GET"]}}],"collection":[{"href":"https:\/\/linitiative.ca\/International\/wp-json\/wp\/v2\/posts"}],"about":[{"href":"https:\/\/linitiative.ca\/International\/wp-json\/wp\/v2\/types\/post"}],"author":[{"embeddable":true,"href":"https:\/\/linitiative.ca\/International\/wp-json\/wp\/v2\/users\/1965"}],"replies":[{"embeddable":true,"href":"https:\/\/linitiative.ca\/International\/wp-json\/wp\/v2\/comments?post=64823"}],"version-history":[{"count":0,"href":"https:\/\/linitiative.ca\/International\/wp-json\/wp\/v2\/posts\/64823\/revisions"}],"wp:attachment":[{"href":"https:\/\/linitiative.ca\/International\/wp-json\/wp\/v2\/media?parent=64823"}],"wp:term":[{"taxonomy":"category","embeddable":true,"href":"https:\/\/linitiative.ca\/International\/wp-json\/wp\/v2\/categories?post=64823"},{"taxonomy":"post_tag","embeddable":true,"href":"https:\/\/linitiative.ca\/International\/wp-json\/wp\/v2\/tags?post=64823"}],"curies":[{"name":"wp","href":"https:\/\/api.w.org\/{rel}","templated":true}]}}