{"id":64824,"date":"2019-10-18T12:03:32","date_gmt":"2019-10-18T16:03:32","guid":{"rendered":"https:\/\/linitiative.ca\/International\/carburant-frelate-lanor-annonce-des-controles-renforces-dans-les-stations-services\/"},"modified":"2019-10-18T12:03:32","modified_gmt":"2019-10-18T16:03:32","slug":"carburant-frelate-lanor-annonce-des-controles-renforces-dans-les-stations-services","status":"publish","type":"post","link":"https:\/\/linitiative.ca\/International\/carburant-frelate-lanor-annonce-des-controles-renforces-dans-les-stations-services\/","title":{"rendered":"Carburant frelat\u00e9 :l\u2019ANOR annonce des contr\u00f4les renforc\u00e9s dans les stations-services"},"content":{"rendered":"<div class=\"featured-area featured-area-inner\"><img loading=\"lazy\" decoding=\"async\" width=\"770\" height=\"405\" src=\"https:\/\/i1.wp.com\/ecomatin.net\/wp-content\/uploads\/2019\/10\/ecomatin.net-carburant-frelate-lanor-annonce-des-controles-renforces-dans-les-stations-services-anor-stations-services.jpg?resize=770%2C405&#038;ssl=1&#038;is-pending-load=1\" class=\"attachment-jannah-image-post size-jannah-image-post wp-post-image jetpack-lazy-image\" alt=\"\" data-attachment-id=\"13105\" data-permalink=\"https:\/\/ecomatin.net\/carburant-frelate-lanor-annonce-des-controles-renforces-dans-les-stations-services\/anor-stations-services\/\" data-orig-file=\"https:\/\/i1.wp.com\/ecomatin.net\/wp-content\/uploads\/2019\/10\/ecomatin.net-carburant-frelate-lanor-annonce-des-controles-renforces-dans-les-stations-services-anor-stations-services.jpg?fit=770%2C430&#038;ssl=1\" data-orig-size=\"770,430\" data-comments-opened=\"0\" data-image-meta=\"{\"aperture\":\"0\",\"credit\":\"\",\"camera\":\"\",\"caption\":\"\",\"created_timestamp\":\"0\",\"copyright\":\"\",\"focal_length\":\"0\",\"iso\":\"0\",\"shutter_speed\":\"0\",\"title\":\"\",\"orientation\":\"0\"}\" data-image-title=\"anor-stations-services\" data-image-description=\"\" data-medium-file=\"https:\/\/i1.wp.com\/ecomatin.net\/wp-content\/uploads\/2019\/10\/ecomatin.net-carburant-frelate-lanor-annonce-des-controles-renforces-dans-les-stations-services-anor-stations-services.jpg?fit=300%2C168&#038;ssl=1\" data-large-file=\"https:\/\/i1.wp.com\/ecomatin.net\/wp-content\/uploads\/2019\/10\/ecomatin.net-carburant-frelate-lanor-annonce-des-controles-renforces-dans-les-stations-services-anor-stations-services.jpg?fit=770%2C430&#038;ssl=1\" srcset=\"data:image\/gif;base64,R0lGODlhAQABAIAAAAAAAP\/\/\/yH5BAEAAAAALAAAAAABAAEAAAIBRAA7\"\/><\/div>\n<div class=\"entry-content entry clearfix\" readability=\"65\">\n<p><strong>Charles Booto \u00e0 Ngon<\/strong>, directeur g\u00e9n\u00e9ral de l\u2019Agence des Normes et de la Qualit\u00e9\u00a0<strong>(ANOR),\u00a0<\/strong>a annonc\u00e9 le 16 octobre 2019 \u00e0 Douala, le lancement d\u2019une mission de contr\u00f4le dans les stations-serves op\u00e9rant au Cameroun. Cette action vise \u00e0 lutter contre la vente du carburant frelat\u00e9 aux usagers.\u00a0<em>\u00ab Pour ceux qui ne vont pas se conformer au respect de ces normes, il y aura des sanctions (\u2026) D\u00e8s lors que sur un march\u00e9, un op\u00e9rateur \u00e9conomique n\u2019aura pas de certificat de conformit\u00e9, il sera sanctionn\u00e9 \u00bb,<\/em> pr\u00e9vient Dg de l\u2019ANOR<em>.<\/em> Il indique \u00e9galement que <em>\u00ab\u00a0des contr\u00f4les inopin\u00e9s seront d\u00e9sormais faits dans les stations d\u2019essence. Parce que le produit peut \u00eatre au d\u00e9part de bonne qualit\u00e9, mais arriv\u00e9 une fois \u00e0 la station, on le frelate en le m\u00e9langeant \u00e0 autre chose \u00bb<\/em>.<\/p>\n<p>Ces contr\u00f4les de l\u2019Anor sont institu\u00e9s apr\u00e8s la d\u00e9couverte par le ministre de l\u2019Eau et de l\u2019Energie (<strong>MINEE<\/strong>) d\u2019un r\u00e9seau mafieux de carburant frelat\u00e9 dans la station-service <strong>Total Dibamba<\/strong> \u00e0 <strong>Douala,<\/strong> alors qu\u2019il \u00e9tait de retour d\u2019une visite des installations de la Soci\u00e9t\u00e9 camerounaise de d\u00e9p\u00f4ts p\u00e9troliers (<strong>SCDP<\/strong>), le 7 septembre dernier. Les tests effectu\u00e9s avec ce carburant avaient prouv\u00e9 qu\u2019il s\u2019agissait d\u2019un m\u00e9lange du gasoil avec de l\u2019eau. Le ministre\u00a0<strong>Gaston Eloundou Essomba<\/strong> avait instruit le respect strict des proc\u00e9dures de contr\u00f4le des produits p\u00e9troliers dans toutes les stations-service du Cameroun, avec l\u2019intensification des contr\u00f4les de qualit\u00e9 de l\u2019ensemble des produits p\u00e9troliers distribu\u00e9s sur l\u2019\u00e9tendue du territoire.<\/p>\n<p>L\u2019op\u00e9ration d\u2019inspection de l\u2019Anor arrive \u00e9galement dans un contexte alors que, d\u00e8s\u00a0\u00a0le 10 novembre prochain, va entrer en vigueur l\u2019arr\u00eat\u00e9 du ministre de l\u2019Industrie, des mines et du d\u00e9veloppement technologique (MINMIDT) qui rend obligatoire, pour tout produit p\u00e9trolier import\u00e9 ou fabriqu\u00e9, le respect des normes camerounaises y relatives. En plus de vouloir lutter contre le ph\u00e9nom\u00e8ne du carburant frelat\u00e9,\u00a0<strong>Charles Booto \u00e0 Ngon<\/strong>\u00a0veut mettre fin aux probl\u00e8mes de pollution, aux mauvaises conditions de transport, au stockage et \u00e0 la manipulation des produits p\u00e9troliers.<\/p>\n<div class=\"about-author about-author-box container-wrapper\">\n<div class=\"author-avatar\">\n<p><img decoding=\"async\" src=\"http:\/\/\" alt=\"\"\/><\/p>\n<\/div>\n<p><h4>La R\u00e9daction EcoMatin<\/h4>\n<\/p>\n<\/div>\n<div class=\"awac-wrapper awac widget blog_subscription-2\">\n<h4 class=\"widget-title\">Abonnez-vous \u00e0 notre lettre d&rsquo;information<\/h4>\n<\/div>\n<\/div>\n<div class=\"toggle-post-content clearfix\"><a id=\"toggle-post-button\" class=\"button\" href=\"#\">Afficher plus <\/a><\/div>\n<p>Auteur: EcoMatin<br \/>\n<a href=\"https:\/\/ecomatin.net\/carburant-frelate-lanor-annonce-des-controles-renforces-dans-les-stations-services\/\">Cliquez ici pour lire l&rsquo;article depuis sa source.<\/a><\/p>\n","protected":false},"excerpt":{"rendered":"<p>Charles Booto \u00e0 Ngon, directeur g\u00e9n\u00e9ral de l\u2019Agence des Normes et de la Qualit\u00e9\u00a0(ANOR),\u00a0a annonc\u00e9 le 16 octobre 2019 \u00e0 Douala, le lancement d\u2019une mission de contr\u00f4le dans les stations-serves op\u00e9rant au Cameroun. Cette action vise \u00e0 lutter contre la vente du carburant frelat\u00e9 aux usagers.\u00a0\u00ab Pour ceux qui ne vont pas se conformer au [&hellip;]<\/p>\n","protected":false},"author":1969,"featured_media":0,"comment_status":"closed","ping_status":"closed","sticky":false,"template":"","format":"standard","meta":{"fifu_image_url":"","fifu_image_alt":"","footnotes":""},"categories":[82,78],"tags":[],"class_list":["post-64824","post","type-post","status-publish","format-standard","hentry","category-cameroun","category-economie"],"_links":{"self":[{"href":"https:\/\/linitiative.ca\/International\/wp-json\/wp\/v2\/posts\/64824","targetHints":{"allow":["GET"]}}],"collection":[{"href":"https:\/\/linitiative.ca\/International\/wp-json\/wp\/v2\/posts"}],"about":[{"href":"https:\/\/linitiative.ca\/International\/wp-json\/wp\/v2\/types\/post"}],"author":[{"embeddable":true,"href":"https:\/\/linitiative.ca\/International\/wp-json\/wp\/v2\/users\/1969"}],"replies":[{"embeddable":true,"href":"https:\/\/linitiative.ca\/International\/wp-json\/wp\/v2\/comments?post=64824"}],"version-history":[{"count":0,"href":"https:\/\/linitiative.ca\/International\/wp-json\/wp\/v2\/posts\/64824\/revisions"}],"wp:attachment":[{"href":"https:\/\/linitiative.ca\/International\/wp-json\/wp\/v2\/media?parent=64824"}],"wp:term":[{"taxonomy":"category","embeddable":true,"href":"https:\/\/linitiative.ca\/International\/wp-json\/wp\/v2\/categories?post=64824"},{"taxonomy":"post_tag","embeddable":true,"href":"https:\/\/linitiative.ca\/International\/wp-json\/wp\/v2\/tags?post=64824"}],"curies":[{"name":"wp","href":"https:\/\/api.w.org\/{rel}","templated":true}]}}