{"id":64825,"date":"2019-10-18T12:06:40","date_gmt":"2019-10-18T16:06:40","guid":{"rendered":"https:\/\/linitiative.ca\/International\/les-prix-du-riz-passes-au-scanner-dans-des-marches-de-yaounde\/"},"modified":"2019-10-18T12:06:40","modified_gmt":"2019-10-18T16:06:40","slug":"les-prix-du-riz-passes-au-scanner-dans-des-marches-de-yaounde","status":"publish","type":"post","link":"https:\/\/linitiative.ca\/International\/les-prix-du-riz-passes-au-scanner-dans-des-marches-de-yaounde\/","title":{"rendered":"Les prix du riz pass\u00e9s au Scanner dans des march\u00e9s de Yaound\u00e9"},"content":{"rendered":"<div class=\"featured-area featured-area-inner\"><img loading=\"lazy\" decoding=\"async\" width=\"670\" height=\"405\" src=\"https:\/\/i0.wp.com\/ecomatin.net\/wp-content\/uploads\/2019\/10\/ecomatin.net-les-prix-du-riz-passes-au-scanner-dans-des-marches-de-yaounde-riz.jpg?resize=670%2C405&#038;ssl=1&#038;is-pending-load=1\" class=\"attachment-jannah-image-post size-jannah-image-post wp-post-image jetpack-lazy-image\" alt=\"\" data-attachment-id=\"13102\" data-permalink=\"https:\/\/ecomatin.net\/les-prix-du-riz-passes-au-scanner-dans-des-marches-de-yaounde\/riz-5\/\" data-orig-file=\"https:\/\/i0.wp.com\/ecomatin.net\/wp-content\/uploads\/2019\/10\/ecomatin.net-les-prix-du-riz-passes-au-scanner-dans-des-marches-de-yaounde-riz.jpg?fit=670%2C430&#038;ssl=1\" data-orig-size=\"670,430\" data-comments-opened=\"0\" data-image-meta=\"{\"aperture\":\"0\",\"credit\":\"\",\"camera\":\"\",\"caption\":\"\",\"created_timestamp\":\"0\",\"copyright\":\"\",\"focal_length\":\"0\",\"iso\":\"0\",\"shutter_speed\":\"0\",\"title\":\"\",\"orientation\":\"0\"}\" data-image-title=\"riz\" data-image-description=\"\" data-medium-file=\"https:\/\/i0.wp.com\/ecomatin.net\/wp-content\/uploads\/2019\/10\/ecomatin.net-les-prix-du-riz-passes-au-scanner-dans-des-marches-de-yaounde-riz.jpg?fit=300%2C193&#038;ssl=1\" data-large-file=\"https:\/\/i0.wp.com\/ecomatin.net\/wp-content\/uploads\/2019\/10\/ecomatin.net-les-prix-du-riz-passes-au-scanner-dans-des-marches-de-yaounde-riz.jpg?fit=670%2C430&#038;ssl=1\" srcset=\"data:image\/gif;base64,R0lGODlhAQABAIAAAAAAAP\/\/\/yH5BAEAAAAALAAAAAABAAEAAAIBRAA7\"\/><\/div>\n<div class=\"entry-content entry clearfix\" readability=\"53\">\n<p>Une demi-dizaine de march\u00e9s de la ville de Yaound\u00e9, log\u00e9s dans cinq secteurs (Biyem-Assi,Mendong,\u00a0 Mvog-mbi, Mfoundi, March\u00e9 Central) ont re\u00e7u mercredi 16 octobre 2019, la visite des \u00e9quipes de la Brigade r\u00e9gionale et d\u00e9partementale des contr\u00f4les et de la r\u00e9pression des fraudes du minist\u00e8re du Commerce.<\/p>\n<p>Il \u00e9tait question pour l\u2019\u00e9quipe conduite par <strong>Barbara Elemva<\/strong> <strong>Amana<\/strong>, chef de la Brigade nationale des contr\u00f4les et de la r\u00e9pression des fraudes (<strong>BNCRF<\/strong>), de r\u00e9guler les prix du riz dans les march\u00e9s conform\u00e9ment au protocole d\u2019homologation sign\u00e9 entre le minist\u00e8re du Commerce et les op\u00e9rateurs de la fili\u00e8re.<\/p>\n<p>L\u2019homologation en question concerne trois cat\u00e9gories de riz \u00e0 savoir : les riz 5% pr\u00e9mium dont le prix maximal au consommateur est 425F le kilogramme, les riz 5% ordinaires dont le kilogramme est de 390F et les riz 25 % dont le prix du kilogramme est de 350F.<\/p>\n<div class=\"about-author about-author-box container-wrapper\">\n<div class=\"author-avatar\">\n<p><img decoding=\"async\" src=\"http:\/\/\" alt=\"\"\/><\/p>\n<\/div>\n<p><h4>La R\u00e9daction EcoMatin<\/h4>\n<\/p>\n<\/div>\n<div class=\"awac-wrapper awac widget blog_subscription-2\">\n<h4 class=\"widget-title\">Abonnez-vous \u00e0 notre lettre d&rsquo;information<\/h4>\n<\/div>\n<\/div>\n<div class=\"toggle-post-content clearfix\"><a id=\"toggle-post-button\" class=\"button\" href=\"#\">Afficher plus <\/a><\/div>\n<p>Auteur: EcoMatin<br \/>\n<a href=\"https:\/\/ecomatin.net\/les-prix-du-riz-passes-au-scanner-dans-des-marches-de-yaounde\/\">Cliquez ici pour lire l&rsquo;article depuis sa source.<\/a><\/p>\n","protected":false},"excerpt":{"rendered":"<p>Une demi-dizaine de march\u00e9s de la ville de Yaound\u00e9, log\u00e9s dans cinq secteurs (Biyem-Assi,Mendong,\u00a0 Mvog-mbi, Mfoundi, March\u00e9 Central) ont re\u00e7u mercredi 16 octobre 2019, la visite des \u00e9quipes de la Brigade r\u00e9gionale et d\u00e9partementale des contr\u00f4les et de la r\u00e9pression des fraudes du minist\u00e8re du Commerce. Il \u00e9tait question pour l\u2019\u00e9quipe conduite par Barbara Elemva [&hellip;]<\/p>\n","protected":false},"author":1969,"featured_media":0,"comment_status":"closed","ping_status":"closed","sticky":false,"template":"","format":"standard","meta":{"fifu_image_url":"","fifu_image_alt":"","footnotes":""},"categories":[82,78],"tags":[],"class_list":["post-64825","post","type-post","status-publish","format-standard","hentry","category-cameroun","category-economie"],"_links":{"self":[{"href":"https:\/\/linitiative.ca\/International\/wp-json\/wp\/v2\/posts\/64825","targetHints":{"allow":["GET"]}}],"collection":[{"href":"https:\/\/linitiative.ca\/International\/wp-json\/wp\/v2\/posts"}],"about":[{"href":"https:\/\/linitiative.ca\/International\/wp-json\/wp\/v2\/types\/post"}],"author":[{"embeddable":true,"href":"https:\/\/linitiative.ca\/International\/wp-json\/wp\/v2\/users\/1969"}],"replies":[{"embeddable":true,"href":"https:\/\/linitiative.ca\/International\/wp-json\/wp\/v2\/comments?post=64825"}],"version-history":[{"count":0,"href":"https:\/\/linitiative.ca\/International\/wp-json\/wp\/v2\/posts\/64825\/revisions"}],"wp:attachment":[{"href":"https:\/\/linitiative.ca\/International\/wp-json\/wp\/v2\/media?parent=64825"}],"wp:term":[{"taxonomy":"category","embeddable":true,"href":"https:\/\/linitiative.ca\/International\/wp-json\/wp\/v2\/categories?post=64825"},{"taxonomy":"post_tag","embeddable":true,"href":"https:\/\/linitiative.ca\/International\/wp-json\/wp\/v2\/tags?post=64825"}],"curies":[{"name":"wp","href":"https:\/\/api.w.org\/{rel}","templated":true}]}}