{"id":64829,"date":"2019-10-19T04:06:46","date_gmt":"2019-10-19T08:06:46","guid":{"rendered":"https:\/\/linitiative.ca\/International\/lart-du-management-visuel-du-post-it-au-poster-rendez-vos-idees-visibles-de-pierre-mongin-laurent-delhalle\/"},"modified":"2019-10-19T04:06:46","modified_gmt":"2019-10-19T08:06:46","slug":"lart-du-management-visuel-du-post-it-au-poster-rendez-vos-idees-visibles-de-pierre-mongin-laurent-delhalle","status":"publish","type":"post","link":"https:\/\/linitiative.ca\/International\/lart-du-management-visuel-du-post-it-au-poster-rendez-vos-idees-visibles-de-pierre-mongin-laurent-delhalle\/","title":{"rendered":"L\u2019art du management visuel- Du Post it au poster, rendez vos id\u00e9es visibles, de Pierre Mongin Laurent Delhalle\u2026"},"content":{"rendered":"<p><img decoding=\"async\" class=\"post_layout_5_img\" src=\"http:\/\/aujourdhui.ma\/wp-content\/uploads\/2019\/10\/L%E2%80%99art-du-management-visuel-Du-Post-it-au-poster.jpg?x29840\" alt=\"L\u2019art du management visuel- Du Post it au poster, rendez vos id\u00e9es visibles, de Pierre Mongin Laurent Delhalle\u2026\"\/><\/p>\n<p class=\"p1\"><span class=\"s1\"><span class=\"c4\"><strong>Cet ouvrage est n\u00e9 de l\u2019id\u00e9e de base que \u00abQuand les mots et chiffres ne suffisent plus \u00e0 communiquer, les dessins prennent le relais !\u00bb.<\/strong><\/span><\/span><span id=\"more-320223\"\/><\/p>\n<p class=\"p1\"><span class=\"s1\">Les auteurs ont tenu \u00e0 r\u00e9pondre \u00e0 un besoin croissant au sein des organisations, d\u2019utiliser dessins, sch\u00e9mas, brouillons\u2026 pour manager, c\u2019est-\u00e0-dire innover, produire, vendre, n\u00e9gocier, communiquer\u2026 Tel que con\u00e7u, le livre r\u00e9unit 50 outils utilis\u00e9s dans des entreprises performantes (Decathlon, Orange, SNCF) et plusieurs universit\u00e9s (en situation de fusion). <em>\u00abLe nombre croissant de logiciels bas\u00e9s sur des tableaux blancs virtuels en ligne n\u00e9cessite l\u2019apprentissage d\u2019une nouvelle forme de management plus visuel\u00bb,<\/em> explique l\u2019\u00e9diteur. L\u2019ouvrage s\u2019appuie, par ailleurs, sur les exp\u00e9riences terrain de Pierre Mongin et la n\u00e9cessit\u00e9 de r\u00e9fl\u00e9chir collectivement en pr\u00e9sentiel ou \u00e0 distance, en utilisant le post it, le Kanban, les mots, images, croquis et contenus multim\u00e9dias.<\/span><\/p>\n<p class=\"p1\"><span class=\"s1\">Les auteurs sont partis en fait sur la capacit\u00e9 \u00e0 partager des prototypes visuels qui facilitent le d\u00e9veloppement de nouveaux produits et services. Il permet au manager de gagner du temps et de booster sa cr\u00e9ativit\u00e9. Pierre Mongin est consultant-formateur, conf\u00e9rencier et enseignant en conduite de projets \u00e0 l\u2019Universit\u00e9 de Lille 1. Il anime le module de sp\u00e9cialisation \u00abmanagement visuel de projet\u00bb \u00e0 Centrale Lille. Il est auteur de plusieurs ouvrages sur le Mind Mapping, dont les best-sellers Organisez vos id\u00e9es avec le Mind mapping, Organisez vos projets avec le Mind Mapping, Enseigner avec le Mind Mapping. Il anime \u00e9galement le site www.mindmanagement.org. Luis Garcia est enseignant franco-chilien et formateur-consultant \u00e0 Lille. Il est utilisateur de la facilitation visuelle dans des formations d\u2019animateur de projets.<\/span><\/p>\n<p class=\"p1\"><span class=\"s1\">Laurent Delhalle est titulaire d\u2019un DEA \u00abDroit des organisations internationales\u00bb. Il g\u00e8re actuellement Segeco Consulting et enseigne l\u2019intelligence \u00e9conomique \u00e0 Sciences Po Lyon et Aix, HEC Executive MBWAY Lyon INHNI Paris. Elisabeth Touzet-Planchon est dipl\u00f4m\u00e9e, quant \u00e0 elle, en gestion finances. Elle dirige sa propre structure Hello World Lab, atelier de cr\u00e9ativit\u00e9 num\u00e9rique (m\u00e9thode Lego Serious Play).<\/span><\/p>\n<p class=\"p3\"><span class=\"s1\"><em>Ed. Dunod(4\/07\/2018)<\/em><\/span><\/p>\n<p>Auteur: ALM<br \/>\n<a href=\"http:\/\/aujourdhui.ma\/emploi\/lart-du-management-visuel-du-post-it-au-poster-rendez-vos-idees-visibles-de-pierre-mongin-laurent-delhalle\">Cliquez ici pour lire l&rsquo;article depuis sa source.<\/a><\/p>\n","protected":false},"excerpt":{"rendered":"<p>Cet ouvrage est n\u00e9 de l\u2019id\u00e9e de base que \u00abQuand les mots et chiffres ne suffisent plus \u00e0 communiquer, les dessins prennent le relais !\u00bb. Les auteurs ont tenu \u00e0 r\u00e9pondre \u00e0 un besoin croissant au sein des organisations, d\u2019utiliser dessins, sch\u00e9mas, brouillons\u2026 pour manager, c\u2019est-\u00e0-dire innover, produire, vendre, n\u00e9gocier, communiquer\u2026 Tel que con\u00e7u, le [&hellip;]<\/p>\n","protected":false},"author":1759,"featured_media":0,"comment_status":"closed","ping_status":"closed","sticky":false,"template":"","format":"standard","meta":{"fifu_image_url":"","fifu_image_alt":"","footnotes":""},"categories":[73,54],"tags":[],"class_list":["post-64829","post","type-post","status-publish","format-standard","hentry","category-actualite","category-maroc"],"_links":{"self":[{"href":"https:\/\/linitiative.ca\/International\/wp-json\/wp\/v2\/posts\/64829","targetHints":{"allow":["GET"]}}],"collection":[{"href":"https:\/\/linitiative.ca\/International\/wp-json\/wp\/v2\/posts"}],"about":[{"href":"https:\/\/linitiative.ca\/International\/wp-json\/wp\/v2\/types\/post"}],"author":[{"embeddable":true,"href":"https:\/\/linitiative.ca\/International\/wp-json\/wp\/v2\/users\/1759"}],"replies":[{"embeddable":true,"href":"https:\/\/linitiative.ca\/International\/wp-json\/wp\/v2\/comments?post=64829"}],"version-history":[{"count":0,"href":"https:\/\/linitiative.ca\/International\/wp-json\/wp\/v2\/posts\/64829\/revisions"}],"wp:attachment":[{"href":"https:\/\/linitiative.ca\/International\/wp-json\/wp\/v2\/media?parent=64829"}],"wp:term":[{"taxonomy":"category","embeddable":true,"href":"https:\/\/linitiative.ca\/International\/wp-json\/wp\/v2\/categories?post=64829"},{"taxonomy":"post_tag","embeddable":true,"href":"https:\/\/linitiative.ca\/International\/wp-json\/wp\/v2\/tags?post=64829"}],"curies":[{"name":"wp","href":"https:\/\/api.w.org\/{rel}","templated":true}]}}