{"id":64831,"date":"2019-10-19T04:07:56","date_gmt":"2019-10-19T08:07:56","guid":{"rendered":"https:\/\/linitiative.ca\/International\/linspection-de-la-cavalerie-des-far-prend-part-au-salon-le-role-du-cheval-militaire-mis-en-avant\/"},"modified":"2019-10-19T04:07:56","modified_gmt":"2019-10-19T08:07:56","slug":"linspection-de-la-cavalerie-des-far-prend-part-au-salon-le-role-du-cheval-militaire-mis-en-avant","status":"publish","type":"post","link":"https:\/\/linitiative.ca\/International\/linspection-de-la-cavalerie-des-far-prend-part-au-salon-le-role-du-cheval-militaire-mis-en-avant\/","title":{"rendered":"L\u2019Inspection de la Cavalerie des FAR prend part au Salon : Le r\u00f4le du cheval militaire mis en avant"},"content":{"rendered":"<p><img decoding=\"async\" class=\"post_layout_5_img\" src=\"http:\/\/aujourdhui.ma\/wp-content\/uploads\/2019\/10\/Special-Salon-du-cheval-d%E2%80%99El-Jadida-Forces-Armees-Royales-FAR.jpg?x29840\" alt=\"L\u2019Inspection de la Cavalerie des FAR prend part au Salon : Le r\u00f4le du cheval militaire mis en avant\"\/><\/p>\n<p class=\"p1\"><span class=\"c4\"><strong><span class=\"s1\">L\u2019Inspection de la Cavalerie des Forces Arm\u00e9es Royales (FAR) a mis en exergue le r\u00f4le du cheval militaire dans les \u00e9cosyst\u00e8mes marocains.<\/span><\/strong><\/span><span id=\"more-320639\"\/><\/p>\n<p class=\"p1\"><span class=\"s1\">Plac\u00e9 sous le th\u00e8me \u00abLe r\u00f4le du cheval militaire dans les \u00e9cosyst\u00e8mes marocains\u00bb, le stand de l\u2019Inspection de la Cavalerie offre aux visiteurs un aper\u00e7u du r\u00f4le crucial de l\u2019Inspection dans la formation et l\u2019int\u00e9gration socio-\u00e9ducative des enfants et des jeunes.<\/span><\/p>\n<p class=\"p1\"><span class=\"s1\">Le Colonel Mohamed Kadmiri de l\u2019Inspection de la Cavalerie des FAR a indiqu\u00e9, \u00e0 cet \u00e9gard, que la participation de l\u2019Inspection au Salon, en ex\u00e9cution des Hautes instructions de SM le Roi Mohammed VI, Chef Supr\u00eame et Chef d\u2019\u00c9tat-major G\u00e9n\u00e9ral des Forces Arm\u00e9es Royales, vise \u00e0 mettre la lumi\u00e8re sur ce corps des FAR et ses missions particuli\u00e8rement en faveur de la formation professionnelle dans le domaine de l\u2019\u00e9quitation militaire et sa contribution \u00e0 la cr\u00e9ation d\u2019opportunit\u00e9s d\u2019emploi.<br \/>M. Kadmiri a soulign\u00e9 que le corps de la Cavalerie a \u00e9galement pour mission de pr\u00e9server les traditions \u00e9questres au Maroc, eu \u00e9gard \u00e0 son r\u00f4le effectif dans le d\u00e9veloppement \u00e9conomique.<\/span><\/p>\n<p class=\"p1\"><span class=\"s1\">Il a \u00e9galement mis en avant la contribution de l\u2019Inspection de la Cavalerie dans l\u2019int\u00e9gration socio-\u00e9ducative des enfants et des jeunes, en garantissant les moyens humains et mat\u00e9riels dans les clubs d\u2019\u00e9quitation dans l\u2019ensemble des r\u00e9gions du Royaume. L\u2019Inspection de la Cavalerie contribue \u00e9galement au rayonnement du sport \u00e9questre, \u00e0 travers sa participation \u00e0 divers \u00e9v\u00e9nements sportifs nationaux, r\u00e9gionaux et internationaux, ainsi qu\u2019\u00e0 travers l\u2019organisation de comp\u00e9titions sportives au Maroc en fournissant un soutien logistique tout au long de la comp\u00e9tition.<\/span><\/p>\n<p class=\"p1\"><span class=\"s1\">L\u2019\u00c9cole royale de cavalerie effectue des entra\u00eenements en faveur des stagiaires militaires et civils dans les sp\u00e9cialit\u00e9s de la cavalerie, de la m\u00e9decine v\u00e9t\u00e9rinaire, de la forge et des m\u00e9tiers li\u00e9s aux chevaux, tels que les selles et les chaussures \u00e9questres. Il repr\u00e9sente \u00e9galement les Forces Arm\u00e9es Royales lors de matches \u00e9questres nationaux et internationaux.<\/span><\/p>\n<p class=\"p1\"><span class=\"s1\">L\u2019\u00c9cole Royale de Cavalerie offre une formation aux m\u00e9tiers \u00e9questres au profit de cavaliers tant militaires que civils. Elle veille \u00e9galement \u00e0 la formation des infirmiers et des v\u00e9t\u00e9rinaires pour le compte notamment des FAR, de la Garde royale, de la Gendarmerie royale, des Forces auxiliaires et de la S\u00fbret\u00e9 nationale.<\/span><\/p>\n<p>Auteur: Hakim Bahechar<br \/>\n<a href=\"http:\/\/aujourdhui.ma\/une\/linspection-de-la-cavalerie-des-far-prend-part-au-salon-le-role-du-cheval-militaire-mis-en-avant\">Cliquez ici pour lire l&rsquo;article depuis sa source.<\/a><\/p>\n","protected":false},"excerpt":{"rendered":"<p>L\u2019Inspection de la Cavalerie des Forces Arm\u00e9es Royales (FAR) a mis en exergue le r\u00f4le du cheval militaire dans les \u00e9cosyst\u00e8mes marocains. Plac\u00e9 sous le th\u00e8me \u00abLe r\u00f4le du cheval militaire dans les \u00e9cosyst\u00e8mes marocains\u00bb, le stand de l\u2019Inspection de la Cavalerie offre aux visiteurs un aper\u00e7u du r\u00f4le crucial de l\u2019Inspection dans la formation [&hellip;]<\/p>\n","protected":false},"author":1759,"featured_media":0,"comment_status":"closed","ping_status":"closed","sticky":false,"template":"","format":"standard","meta":{"fifu_image_url":"","fifu_image_alt":"","footnotes":""},"categories":[73,54],"tags":[],"class_list":["post-64831","post","type-post","status-publish","format-standard","hentry","category-actualite","category-maroc"],"_links":{"self":[{"href":"https:\/\/linitiative.ca\/International\/wp-json\/wp\/v2\/posts\/64831","targetHints":{"allow":["GET"]}}],"collection":[{"href":"https:\/\/linitiative.ca\/International\/wp-json\/wp\/v2\/posts"}],"about":[{"href":"https:\/\/linitiative.ca\/International\/wp-json\/wp\/v2\/types\/post"}],"author":[{"embeddable":true,"href":"https:\/\/linitiative.ca\/International\/wp-json\/wp\/v2\/users\/1759"}],"replies":[{"embeddable":true,"href":"https:\/\/linitiative.ca\/International\/wp-json\/wp\/v2\/comments?post=64831"}],"version-history":[{"count":0,"href":"https:\/\/linitiative.ca\/International\/wp-json\/wp\/v2\/posts\/64831\/revisions"}],"wp:attachment":[{"href":"https:\/\/linitiative.ca\/International\/wp-json\/wp\/v2\/media?parent=64831"}],"wp:term":[{"taxonomy":"category","embeddable":true,"href":"https:\/\/linitiative.ca\/International\/wp-json\/wp\/v2\/categories?post=64831"},{"taxonomy":"post_tag","embeddable":true,"href":"https:\/\/linitiative.ca\/International\/wp-json\/wp\/v2\/tags?post=64831"}],"curies":[{"name":"wp","href":"https:\/\/api.w.org\/{rel}","templated":true}]}}