{"id":64832,"date":"2019-10-19T04:09:26","date_gmt":"2019-10-19T08:09:26","guid":{"rendered":"https:\/\/linitiative.ca\/International\/le-tourisme-equestre-sera-parmi-les-grands-themes-de-la-future-strategie\/"},"modified":"2019-10-19T04:09:26","modified_gmt":"2019-10-19T08:09:26","slug":"le-tourisme-equestre-sera-parmi-les-grands-themes-de-la-future-strategie","status":"publish","type":"post","link":"https:\/\/linitiative.ca\/International\/le-tourisme-equestre-sera-parmi-les-grands-themes-de-la-future-strategie\/","title":{"rendered":"Le tourisme \u00e9questre sera parmi  les grands th\u00e8mes de la future strat\u00e9gie"},"content":{"rendered":"<p><img decoding=\"async\" class=\"post_layout_5_img\" src=\"http:\/\/aujourdhui.ma\/wp-content\/uploads\/2019\/10\/Omar-Skalli-directeur-ge%CC%81ne%CC%81ral-de-la-SOREC.jpg?x29840\" alt=\"Le tourisme \u00e9questre sera parmi les grands th\u00e8mes de la future strat\u00e9gie\"\/><\/p>\n<p class=\"p1\"><strong><span class=\"c4\"><em>Entretien avec<\/em> Omar Skalli, <em>directeur g\u00e9n\u00e9ral de la SOREC<\/em><\/span><\/strong><span id=\"more-320624\"\/><\/p>\n<div class=\"base-box mom_box_sc_custom mom_box_sc clear c5\" readability=\"10\">\n<p class=\"p1\"><strong><span class=\"s1\">L\u2019un des axes les plus importants est la sauvegarde du cheval barbe. Et nous avons dans ce sens atteint des r\u00e9sultats prometteurs, un effectif suffisant et une reconnaissance de cette race au niveau national et international.<\/span><\/strong><\/p>\n<\/div>\n<p class=\"p1\"><strong>ALM : Le Salon du cheval d\u2019El Jadida est en lui-m\u00eame une r\u00e9ussite et un succ\u00e8s pour la fili\u00e8re \u00e9quine au Maroc. Comment la SOREC contribue-t-elle \u00e0 ce d\u00e9veloppement ?<\/strong><\/p>\n<p class=\"p1\"><strong>Omar Skalli :<\/strong> Toutes les actions de la SOREC se r\u00e9percutent directement et indirectement sur la r\u00e9ussite du Salon du cheval d\u2019El Jadida puisque ce dernier est la vitrine de la fili\u00e8re. La contribution est donc large et vaste. Et plus concr\u00e8tement, je peux ajouter que nous sommes sponsors du Salon. Nous mettons \u00e0 dispositions des ressources humaines pendant la semaine pour pr\u00eater main forte \u00e0 l\u2019organisation et nous offrons et organisons des spectacles.<\/p>\n<p class=\"p1\"><strong>Bient\u00f4t, la strat\u00e9gie nationale pour le d\u00e9veloppement de la fili\u00e8re \u00e9quine arrivera \u00e0 son terme (2011-2020). Les objectifs fix\u00e9s ont-ils \u00e9t\u00e9 atteints?<\/strong><\/p>\n<p class=\"p1\">La strat\u00e9gie pr\u00e9sent\u00e9e par le ministre de l\u2019agriculture, de la p\u00eache maritime, du d\u00e9veloppement rural et des eaux et for\u00eats, M. Aziz Akhannouch en 2011, a \u00e9t\u00e9 confi\u00e9e \u00e0 la SOREC pour sa mise en oeuvre et son ex\u00e9cution. On peut consid\u00e9rer aujourd\u2019hui que c\u2019est une r\u00e9ussite. Toutes les faiblesses identifi\u00e9es sont aujourd\u2019hui corrig\u00e9es.<\/p>\n<p class=\"p1\">Aujourd\u2019hui, l\u2019un des axes les plus importants est la sauvegarde du cheval barbe. Et nous avons dans ce sens atteint des r\u00e9sultats prometteurs, un effectif suffisant et une reconnaissance de cette race au niveau national et international. Aussi, les courses ont \u00e9t\u00e9 am\u00e9lior\u00e9es et nous ne pouvons qu\u2019en \u00eatre satisfaits. Et tout cela est d\u00fb en grande partie \u00e0 l\u2019investissement au quotidien des professionnels puisque nous ne faisons que les accompagner \u00e0 travers notamment le Salon du cheval et les actions permanentes de la SOREC au niveau des haras et des hippodromes.<\/p>\n<p class=\"p1\">Heureux donc d\u2019avoir honor\u00e9 nos engagements. Et nous pensons d\u00e8s aujourd\u2019hui \u00e0 l\u2019avenir.<\/p>\n<p class=\"p1\"><strong>Qu\u2019en est-il justement de la future strat\u00e9gie pour la p\u00e9riode 2020-2030 ?<\/strong><\/p>\n<p class=\"p1\">En attendant de voir ce que nous r\u00e9veleront les \u00e9tudes dans ce sens, je peux vous dire que la strat\u00e9gie sera bas\u00e9e essentiellement sur la promotion du tourisme \u00e9questre. Celui-ci pourrait profiter d\u2019un \u00e9cosyst\u00e8me propice qui n\u2019existait pas auparavant mais qui est aujourd\u2019hui bien pr\u00e9sent pour contribuer \u00e0 la r\u00e9ussite de l\u2019ensemble des objectifs qu\u2019on se fixera au futur.<\/p>\n<p class=\"p1\"><strong>Les courses de chevaux ont nettement \u00e9volu\u00e9. A quoi est d\u00fb ce d\u00e9veloppement ?<\/strong><\/p>\n<p class=\"p1\">Elles ont effectivement \u00e9volu\u00e9 sur plusieurs point, notamment la qualit\u00e9 de l\u2019organisation et le nombre de courses et de chevaux qui ont significativement augment\u00e9. De plus, nous exportons depuis trois ans jusqu\u2019\u00e0 30 courses marocaines qui sont support de paris en Europe. Nous esp\u00e9rons d\u00e9velopper de nouveaux march\u00e9s pour ces courses-l\u00e0 pour avoir de nouveaux revenus. Et je pense aussi que conjointement, la SOREC et les \u00e9leveurs sont en train de produire de bons chevaux.<\/p>\n<p class=\"p1\">La qualit\u00e9 g\u00e9n\u00e9tique s\u2019est clairement am\u00e9lior\u00e9e depuis quelques ann\u00e9es gr\u00e2ce \u00e0 un programme mis en place avec les \u00e9leveurs qui consiste \u00e0 l\u2019importation de la semence congel\u00e9e subventionn\u00e9e. Cela permettrait dans quelques ann\u00e9es d\u2019avoir des chevaux qui peuvent facilement rivaliser avec les meilleurs pur sang arabe du monde.<\/p>\n<p class=\"p1\"><strong>Quel bilan dressez-vous du Meeting international du Maroc apr\u00e8s quatre \u00e9ditions?<\/strong><\/p>\n<p class=\"p1\">Le nombre de participants ne cesse d\u2019augmenter d\u2019\u00e9dition en \u00e9dition. Aujourd\u2019hui c\u2019est un rendez-vous qui s\u2019est fray\u00e9 une bonne place dans le calendrier des grands \u00e9v\u00e9nements de la fili\u00e8re \u00e9quine.<\/p>\n<p class=\"p1\">Le choix qui a \u00e9t\u00e9 fait il y a quatre ans d\u2019organiser le Meeting international du Maroc au mois de novembre y est pour beaucoup. Pendant ce mois, les courses ne sont pas nombreuses dans le monde.<\/p>\n<p class=\"p1\">La retransmission de cet \u00e9v\u00e9nement a \u00e9galement contribu\u00e9 \u00e0 en faire une belle promotion. Aujourd\u2019hui nous sommes parvenus \u00e0 cr\u00e9er une communaut\u00e9 de participants internationaux fid\u00e8les \u00e0 ce rendez-vous ainsi qu\u2019\u00e0 en attirer chaque ann\u00e9e de plus en plus.<\/p>\n<p>Auteur: Hakim Bahechar<br \/>\n<a href=\"http:\/\/aujourdhui.ma\/une\/le-tourisme-equestre-sera-parmi-les-grands-themes-de-la-future-strategie\">Cliquez ici pour lire l&rsquo;article depuis sa source.<\/a><\/p>\n","protected":false},"excerpt":{"rendered":"<p>Entretien avec Omar Skalli, directeur g\u00e9n\u00e9ral de la SOREC L\u2019un des axes les plus importants est la sauvegarde du cheval barbe. Et nous avons dans ce sens atteint des r\u00e9sultats prometteurs, un effectif suffisant et une reconnaissance de cette race au niveau national et international. ALM : Le Salon du cheval d\u2019El Jadida est en [&hellip;]<\/p>\n","protected":false},"author":1759,"featured_media":0,"comment_status":"closed","ping_status":"closed","sticky":false,"template":"","format":"standard","meta":{"fifu_image_url":"","fifu_image_alt":"","footnotes":""},"categories":[73,54],"tags":[],"class_list":["post-64832","post","type-post","status-publish","format-standard","hentry","category-actualite","category-maroc"],"_links":{"self":[{"href":"https:\/\/linitiative.ca\/International\/wp-json\/wp\/v2\/posts\/64832","targetHints":{"allow":["GET"]}}],"collection":[{"href":"https:\/\/linitiative.ca\/International\/wp-json\/wp\/v2\/posts"}],"about":[{"href":"https:\/\/linitiative.ca\/International\/wp-json\/wp\/v2\/types\/post"}],"author":[{"embeddable":true,"href":"https:\/\/linitiative.ca\/International\/wp-json\/wp\/v2\/users\/1759"}],"replies":[{"embeddable":true,"href":"https:\/\/linitiative.ca\/International\/wp-json\/wp\/v2\/comments?post=64832"}],"version-history":[{"count":0,"href":"https:\/\/linitiative.ca\/International\/wp-json\/wp\/v2\/posts\/64832\/revisions"}],"wp:attachment":[{"href":"https:\/\/linitiative.ca\/International\/wp-json\/wp\/v2\/media?parent=64832"}],"wp:term":[{"taxonomy":"category","embeddable":true,"href":"https:\/\/linitiative.ca\/International\/wp-json\/wp\/v2\/categories?post=64832"},{"taxonomy":"post_tag","embeddable":true,"href":"https:\/\/linitiative.ca\/International\/wp-json\/wp\/v2\/tags?post=64832"}],"curies":[{"name":"wp","href":"https:\/\/api.w.org\/{rel}","templated":true}]}}