{"id":64836,"date":"2019-10-19T13:04:14","date_gmt":"2019-10-19T17:04:14","guid":{"rendered":"https:\/\/linitiative.ca\/International\/concours-de-la-chanson-patriotique-de-la-wilaya-de-blida-une-opportunite-les-jeunes\/"},"modified":"2019-10-19T13:04:14","modified_gmt":"2019-10-19T17:04:14","slug":"concours-de-la-chanson-patriotique-de-la-wilaya-de-blida-une-opportunite-les-jeunes","status":"publish","type":"post","link":"https:\/\/linitiative.ca\/International\/concours-de-la-chanson-patriotique-de-la-wilaya-de-blida-une-opportunite-les-jeunes\/","title":{"rendered":"Concours de la chanson patriotique de la wilaya de Blida : une opportunit\u00e9 les jeunes"},"content":{"rendered":"<div readability=\"39\">\n<p><strong>BLIDA &#8211; Le Concours de la chanson patriotique \u00ab\u00a0meilleure voix, meilleure performance\u00a0\u00bb, lanc\u00e9 samedi \u00e0 Blida, \u00ab\u00a0est une opportunit\u00e9\u00a0\u00bb offerte aux jeunes amateurs du domaine en vue de faire montre de leurs talents et aptitudes, ont estim\u00e9 nombre de candidats ayant pris part \u00e0 cet \u00e9v\u00e9nement artistique.<\/strong><\/p>\n<\/div>\n<div readability=\"96\">\n<p>La manifestation, abrit\u00e9e par la maison de l\u2019artiste de Blida, a attir\u00e9 un grand nombre de jeunes amateurs aspirant \u00e0 se faire un nom au sein de la sc\u00e8ne artistique nationale, en s\u2019attirant les faveurs de l\u2019un des membres du jury, \u00e0 l\u2019instar de Sami Zeriab, sp\u00e9cialiste du genre Haouzi et andalou, ou de son pr\u00e9sident, Youcef Soltani, un sp\u00e9cialiste connu de l\u2019Inchad et de la chanson patriotique.<\/p>\n<p>Riadh, un jeune candidat d\u2019Alger (17 ans) rencontr\u00e9, sur place par l\u2019APS, n\u2019a pas cach\u00e9 son enthousiasme \u00e0 l\u2019\u00e9gard de cette \u00ab\u00a0belle opportunit\u00e9 offerte aux jeunes comme moi\u00a0\u00bb, a-t-il dit, tout en se disant quelque peu \u00ab\u00a0stress\u00e9\u00a0\u00bb, car \u00ab\u00a0c\u2019est la premi\u00e8re que je chante devant un jury\u00a0\u00bb, a-t-il confi\u00e9, confus.<\/p>\n<p>Quant \u00e0 l\u2019\u00e9tudiant Ramzi (Blida), il s\u2019est montr\u00e9 bien plus confiant que son concurrent, en se f\u00e9licitant de l\u2019organisation de ce concours, dont il ambitionne d\u2019\u00eatre \u00ab\u00a0le laur\u00e9at au double plan de la meilleure voix et de la meilleure performance\u00a0\u00bb, a-t-il d\u00e9clar\u00e9 s\u00fbr de lui.<\/p>\n<p>\u00ab\u00a0Plus de 70 candidats, \u00e2g\u00e9s de 16 \u00e0 35 ans, se sont pr\u00e9sent\u00e9s \u00e0 ce concours\u00a0\u00bb, s\u2019est f\u00e9licit\u00e9 le pr\u00e9sident de l\u2019association culturelle \u00ab\u00a0Rihab\u00a0\u00bb, initiatrice de cet \u00e9v\u00e9nement, Ahmed Slimane, soulignant qu\u2019il ne \u00ab\u00a0s\u2019attendait gu\u00e8re \u00e0 cette forte participation\u00a0\u00bb.<\/p>\n<p>Selon les explications de M. Slimane, les candidats sont appel\u00e9s \u00e0 interpr\u00e9ter deux chansons de leurs choix, en vue d\u2019une qualification en demi finales , qui les habilitera \u00e0 chanter en compagnie d\u2019une troupe musicale, une chanson choisie par le jury. Trois laur\u00e9ats seront s\u00e9lectionn\u00e9s \u00e0 l\u2019issue de ces demi- finales.<\/p>\n<p>La manifestation organis\u00e9e en collaboration avec les directions de la jeunesse et des sports et de la culture de la wilaya, est inscrite au titre des festivit\u00e9s de c\u00e9l\u00e9bration du 1 Novembre 1954, englobant nombre d\u2019activit\u00e9s, dont des journ\u00e9es nationales de po\u00e9sie, qui seront abrit\u00e9e par le centre culturel \u00ab\u00a0Mohamed Khedioui\u00a0\u00bb, les 30 et 31 du mois en cours, outre une op\u00e9rette intitul\u00e9e \u00ab\u00a0voix de Novembre\u00a0\u00bb, qui sera interpr\u00e9t\u00e9e par un groupe de jeunes amateurs, le 31 octobre \u00e0 Boufarik.<\/p>\n<\/div>\n<p>Auteur:<br \/>\n<a href=\"http:\/\/www.aps.dz\/culture\/95896-concours-de-la-chanson-patriotique-de-la-wilaya-de-blida-une-opportunite-les-jeunes\">Cliquez ici pour lire l&rsquo;article depuis sa source.<\/a><\/p>\n","protected":false},"excerpt":{"rendered":"<p>BLIDA &#8211; Le Concours de la chanson patriotique \u00ab\u00a0meilleure voix, meilleure performance\u00a0\u00bb, lanc\u00e9 samedi \u00e0 Blida, \u00ab\u00a0est une opportunit\u00e9\u00a0\u00bb offerte aux jeunes amateurs du domaine en vue de faire montre de leurs talents et aptitudes, ont estim\u00e9 nombre de candidats ayant pris part \u00e0 cet \u00e9v\u00e9nement artistique. La manifestation, abrit\u00e9e par la maison de l\u2019artiste [&hellip;]<\/p>\n","protected":false},"author":1790,"featured_media":0,"comment_status":"closed","ping_status":"closed","sticky":false,"template":"","format":"standard","meta":{"fifu_image_url":"","fifu_image_alt":"","footnotes":""},"categories":[53,79],"tags":[],"class_list":["post-64836","post","type-post","status-publish","format-standard","hentry","category-algerie","category-culture"],"_links":{"self":[{"href":"https:\/\/linitiative.ca\/International\/wp-json\/wp\/v2\/posts\/64836","targetHints":{"allow":["GET"]}}],"collection":[{"href":"https:\/\/linitiative.ca\/International\/wp-json\/wp\/v2\/posts"}],"about":[{"href":"https:\/\/linitiative.ca\/International\/wp-json\/wp\/v2\/types\/post"}],"author":[{"embeddable":true,"href":"https:\/\/linitiative.ca\/International\/wp-json\/wp\/v2\/users\/1790"}],"replies":[{"embeddable":true,"href":"https:\/\/linitiative.ca\/International\/wp-json\/wp\/v2\/comments?post=64836"}],"version-history":[{"count":0,"href":"https:\/\/linitiative.ca\/International\/wp-json\/wp\/v2\/posts\/64836\/revisions"}],"wp:attachment":[{"href":"https:\/\/linitiative.ca\/International\/wp-json\/wp\/v2\/media?parent=64836"}],"wp:term":[{"taxonomy":"category","embeddable":true,"href":"https:\/\/linitiative.ca\/International\/wp-json\/wp\/v2\/categories?post=64836"},{"taxonomy":"post_tag","embeddable":true,"href":"https:\/\/linitiative.ca\/International\/wp-json\/wp\/v2\/tags?post=64836"}],"curies":[{"name":"wp","href":"https:\/\/api.w.org\/{rel}","templated":true}]}}