{"id":64837,"date":"2019-10-19T13:04:18","date_gmt":"2019-10-19T17:04:18","guid":{"rendered":"https:\/\/linitiative.ca\/International\/24e-sila-priorite-aux-jeunes-auteurs\/"},"modified":"2019-10-19T13:04:18","modified_gmt":"2019-10-19T17:04:18","slug":"24e-sila-priorite-aux-jeunes-auteurs","status":"publish","type":"post","link":"https:\/\/linitiative.ca\/International\/24e-sila-priorite-aux-jeunes-auteurs\/","title":{"rendered":"24e Sila : priorit\u00e9 aux jeunes auteurs"},"content":{"rendered":"<div readability=\"37\">\n<p><strong>ALGER &#8211; Le 24e Salon international du livre \u00e0 Alger (SILA), pr\u00e9vu du 30 octobre au 9 novembre, a choisi de mettre \u00e0 l&rsquo;honneur les jeunes auteurs et les laur\u00e9ats des prix litt\u00e9raires alg\u00e9riens et \u00e9trangers, avec une programmation r\u00e9duite de rencontres.\u00a0<\/strong><\/p>\n<\/div>\n<div readability=\"89.6653386454\">\n<p>Selon le programme, quelque 1030 maisons d&rsquo;\u00e9dition dont pr\u00e8s de 300 alg\u00e9riennes exposant pr\u00e8s de 183 000 titres, sont attendues\u00a0 au Palais des expositions des Pins-maritimes \u00e0 Alger (Safex).<\/p>\n<p>Cette ann\u00e9e le public aura rendez-vous avec une rencontre sur l&rsquo;histoire intitul\u00e9e \u00ab\u00a01919: l&rsquo;Alg\u00e9rie face aux d\u00e9fis de libert\u00e9 et du si\u00e8cle\u00a0\u00bb, outre des conf\u00e9rences sur la litt\u00e9rature et le th\u00e9\u00e2tre, la po\u00e9sie melhoun et autre bande dessin\u00e9e.<\/p>\n<p>Invit\u00e9 d&rsquo;honneur du Sila 2019, le S\u00e9n\u00e9gal devra \u00eatre repr\u00e9sent\u00e9 par des auteurs comme Hamidou Sall, Khallil Diallo, Rahmatou Seck Samb, ou encore Abdoulaye Racine Senghor. Une\u00a0 rencontre entre \u00e9diteurs alg\u00e9riens et s\u00e9n\u00e9galais est \u00e9galement pr\u00e9vue \u00e0 la fin du salon.<\/p>\n<p>Cr\u00e9\u00e9 en 2009, \u00ab\u00a0Esprit Panaf\u00a0\u00bb une espace d\u00e9di\u00e9 au Festival culturel panafricain d&rsquo;Alger de 1969 et devra \u00eatre l&rsquo;occasion d&rsquo;\u00e9voquer le Festival mondial des arts n\u00e8gres de Dakkar (1966).\u00a0 Les organisateurs ont \u00e9galement pr\u00e9vu une journ\u00e9e d\u00e9di\u00e9e aux r\u00e9centes d\u00e9couvertes arch\u00e9ologiques de Ain Boucherit (S\u00e9tif), anim\u00e9e par des arch\u00e9ologues.\u00a0\u00a0\u00a0\u00a0\u00a0\u00a0\u00a0\u00a0<\/p>\n<hr\/>\n<p><em><strong>Lire aussi:\u00a0<\/strong><\/em><a href=\"http:\/\/www.aps.dz\/culture\/95895-sila-2019-participation-du-crasc-d-oran-avec-la-presentation-de-4-nouvelles-publications\">SILA 2019: participation du CRASC d&rsquo;Oran avec la pr\u00e9sentation de 4 nouvelles publications<\/a><\/p>\n<hr\/>\n<p>Cet espace abritera la seule \u00e9vocation pr\u00e9vue par le salon en comm\u00e9moration des 30 ans de la disparition de l&rsquo;\u00e9crivain et dramaturge Kateb Yacine. Le com\u00e9dien Sid Ahmed Agoumi\u00a0 devra y donner la lecture de textes de l&rsquo;\u00e9crivain.<\/p>\n<p>Pour cette \u00e9dition le salon n&rsquo;offrira son estrade qu&rsquo;\u00e0 deux auteurs internationaux, le Palestinien Ibrahim Nasrallah et l&rsquo;Alg\u00e9ro-am\u00e9ricaine Elaine Mokhtefi militante et auteur de \u00ab\u00a0Alger, capitale de la r\u00e9volution\u00a0\u00bb, une programmation justifi\u00e9e par une baisse du budget allou\u00e9 \u00e0 la manifestation qui est pass\u00e9 de 60 millions de dinars, en 2018, \u00e0 de 55 millions cette ann\u00e9e, a indiqu\u00e9 le commissaire du Sila, Mohamed Igherb.\u00a0 En 2015, le budget du salon s&rsquo;\u00e9tablissait \u00e0 120 millions de dinars.<\/p>\n<p>Par ailleurs, le concours de la meilleure affiche retenue pour le Sila 2019 a \u00e9t\u00e9 remport\u00e9 par Kada Hamidi, qui propose une oeuvre repr\u00e9sentant le continent africain, faite de livres ouverts, dans l&rsquo;esprit du 24e Sila, plac\u00e9 sous le signe \u00ab\u00a0Le livre, un continent\u00a0\u00bb.<\/p>\n<p>Pour sa part le directeur du bureau du livre au minist\u00e8re de la Culture, Djamel Foughali, a indiqu\u00e9 que la commission nationale de lecture avait \u00e9mis des r\u00e9serves sur 56 titres \u00e0 caract\u00e8re religieux, sur un total de 183 000 ouvrages devant \u00eatre expos\u00e9s par les participants \u00e9trangers.<\/p>\n<\/div>\n<p>Auteur:<br \/>\n<a href=\"http:\/\/www.aps.dz\/culture\/95897-24e-sila-priorite-aux-jeunes-auteurs\">Cliquez ici pour lire l&rsquo;article depuis sa source.<\/a><\/p>\n","protected":false},"excerpt":{"rendered":"<p>ALGER &#8211; Le 24e Salon international du livre \u00e0 Alger (SILA), pr\u00e9vu du 30 octobre au 9 novembre, a choisi de mettre \u00e0 l&rsquo;honneur les jeunes auteurs et les laur\u00e9ats des prix litt\u00e9raires alg\u00e9riens et \u00e9trangers, avec une programmation r\u00e9duite de rencontres.\u00a0 Selon le programme, quelque 1030 maisons d&rsquo;\u00e9dition dont pr\u00e8s de 300 alg\u00e9riennes exposant [&hellip;]<\/p>\n","protected":false},"author":1790,"featured_media":0,"comment_status":"closed","ping_status":"closed","sticky":false,"template":"","format":"standard","meta":{"fifu_image_url":"","fifu_image_alt":"","footnotes":""},"categories":[53,79],"tags":[],"class_list":["post-64837","post","type-post","status-publish","format-standard","hentry","category-algerie","category-culture"],"_links":{"self":[{"href":"https:\/\/linitiative.ca\/International\/wp-json\/wp\/v2\/posts\/64837","targetHints":{"allow":["GET"]}}],"collection":[{"href":"https:\/\/linitiative.ca\/International\/wp-json\/wp\/v2\/posts"}],"about":[{"href":"https:\/\/linitiative.ca\/International\/wp-json\/wp\/v2\/types\/post"}],"author":[{"embeddable":true,"href":"https:\/\/linitiative.ca\/International\/wp-json\/wp\/v2\/users\/1790"}],"replies":[{"embeddable":true,"href":"https:\/\/linitiative.ca\/International\/wp-json\/wp\/v2\/comments?post=64837"}],"version-history":[{"count":0,"href":"https:\/\/linitiative.ca\/International\/wp-json\/wp\/v2\/posts\/64837\/revisions"}],"wp:attachment":[{"href":"https:\/\/linitiative.ca\/International\/wp-json\/wp\/v2\/media?parent=64837"}],"wp:term":[{"taxonomy":"category","embeddable":true,"href":"https:\/\/linitiative.ca\/International\/wp-json\/wp\/v2\/categories?post=64837"},{"taxonomy":"post_tag","embeddable":true,"href":"https:\/\/linitiative.ca\/International\/wp-json\/wp\/v2\/tags?post=64837"}],"curies":[{"name":"wp","href":"https:\/\/api.w.org\/{rel}","templated":true}]}}