{"id":64838,"date":"2019-10-19T13:04:23","date_gmt":"2019-10-19T17:04:23","guid":{"rendered":"https:\/\/linitiative.ca\/International\/synapse-de-noureddine-zerrouki-participe-au-festival-du-court-metrage-de-nouakchott\/"},"modified":"2019-10-19T13:04:23","modified_gmt":"2019-10-19T17:04:23","slug":"synapse-de-noureddine-zerrouki-participe-au-festival-du-court-metrage-de-nouakchott","status":"publish","type":"post","link":"https:\/\/linitiative.ca\/International\/synapse-de-noureddine-zerrouki-participe-au-festival-du-court-metrage-de-nouakchott\/","title":{"rendered":"\u00ab\u00a0Synapse\u00a0\u00bb de Noureddine Zerrouki participe au Festival du court m\u00e9trage de Nouakchott"},"content":{"rendered":"<div readability=\"34\">\n<p><strong>TIARET &#8211; Le film \u00ab\u00a0Synapse\u00a0\u00bb du r\u00e9alisateur Noureddine Zerrouki prendra part \u00e0 la 14e \u00e9dition du Festival international du court m\u00e9trage \u00e0 Noukachott (Mauritanie), a-t-on appris du r\u00e9alisateur.<\/strong><\/p>\n<\/div>\n<div readability=\"64.4855769231\">\n<p>Le r\u00e9alisateur Zerrouki, natif de la wilaya de Tiaret, a indiqu\u00e9 que son court m\u00e9trage muet a \u00e9t\u00e9 retenu dans la liste des films en comp\u00e9tition pour le prix du festival de Nouakchott pr\u00e9vu du 23 au 27 octobre en cours.<\/p>\n<p>Produite par l&rsquo;association \u00ab\u00a0Cin\u00e9ma-jeunes\u00a0\u00bb de Tiaret en 2018 avec 34 com\u00e9diens pour la premi\u00e8re fois dont le h\u00e9ros du film, Abdelali Ayadi, cette oeuvre aborde des ph\u00e9nom\u00e8nes et des comportements o\u00f9 la communication est absente emp\u00eachant la compr\u00e9hension. La sc\u00e8ne se d\u00e9roule dans une r\u00e9gion lointaine.<\/p>\n<hr\/>\n<p><em><strong>Lire aussi:\u00a0<\/strong><\/em><a href=\"http:\/\/www.aps.dz\/culture\/95896-concours-de-la-chanson-patriotique-de-la-wilaya-de-blida-une-opportunite-les-jeunes\">Concours de la chanson patriotique de la wilaya de Blida : une opportunit\u00e9 les jeunes<\/a><\/p>\n<hr\/>\n<p>Le film \u00ab\u00a0Synapse\u00a0\u00bb, qui a \u00e9t\u00e9 pr\u00e9sent\u00e9 en avant-premi\u00e8re en d\u00e9cembre 2018 \u00e0 la maison de la culture \u00ab\u00a0Ali Maachi\u00a0\u00bb de Tiaret est en lice du prix du Festival international du court m\u00e9trage de Nouakchott tout comme deux autres \u0153uvres alg\u00e9riennes: \u00ab\u00a0je confierai tout \u00e0 Allah\u00a0\u00bb de Mohamed Benabdallah et \u00ab\u00a0Kayen\u00a0 wala makanch\u00a0\u00bb de Abdellah Ghada, aux c\u00f4t\u00e9s de films \u00ab\u00a0Notre Aid El Adha\u00a0\u00bb du S\u00e9n\u00e9gal, \u00ab\u00a0La terre des r\u00eaves\u00a0\u00bb, \u00ab\u00a0Le chant de cigogne\u00a0\u00bb, \u00ab\u00a0Le chemin des vers\u00a0\u00bb du Maroc, \u00ab\u00a0Le cadeau\u00a0\u00bb de Libye, \u00ab\u00a0Joyeux anniversaire\u00a0\u00bb de l\u2019Irak, \u00ab\u00a0Le revenant\u00a0\u00bb du Mali, \u00ab\u00a0Fluvial et marin\u00a0\u00bb de Syrie, \u00ab\u00a0Couteau et fourchette\u00a0\u00bb et \u00ab\u00a0Mataalach ala el hadjeb\u00a0\u00bb (Elle ne d\u00e9passe par les sourcils\u00a0\u00bb d\u2019Egypte, \u00ab\u00a0Mariage au chardon\u00a0\u00bb de Tunisie et \u00ab\u00a0La plante de la mort\u00a0\u00bb du Niger.<\/p>\n<p>L&rsquo;artiste alg\u00e9rienne Malika Belbay sera l&rsquo;invit\u00e9e d&rsquo;honneur du festival, selon le site de l&rsquo;\u00e9v\u00e9nement qui pr\u00e9voit plusieurs ateliers li\u00e9s au cin\u00e9ma.<\/p>\n<p>Le film \u00ab\u00a0Synapse\u00a0\u00bb avait d\u00e9j\u00e0 particip\u00e9 au 8e Festival du film Maghrebin \u00e0 Oujda (Maroc) en juin dernier.<\/p>\n<\/div>\n<p>Auteur:<br \/>\n<a href=\"http:\/\/www.aps.dz\/culture\/95898-synapse-de-noureddine-zerrouki-participe-au-festival-du-court-metrage-de-nouakchott\">Cliquez ici pour lire l&rsquo;article depuis sa source.<\/a><\/p>\n","protected":false},"excerpt":{"rendered":"<p>TIARET &#8211; Le film \u00ab\u00a0Synapse\u00a0\u00bb du r\u00e9alisateur Noureddine Zerrouki prendra part \u00e0 la 14e \u00e9dition du Festival international du court m\u00e9trage \u00e0 Noukachott (Mauritanie), a-t-on appris du r\u00e9alisateur. Le r\u00e9alisateur Zerrouki, natif de la wilaya de Tiaret, a indiqu\u00e9 que son court m\u00e9trage muet a \u00e9t\u00e9 retenu dans la liste des films en comp\u00e9tition pour [&hellip;]<\/p>\n","protected":false},"author":1790,"featured_media":0,"comment_status":"closed","ping_status":"closed","sticky":false,"template":"","format":"standard","meta":{"fifu_image_url":"","fifu_image_alt":"","footnotes":""},"categories":[53,79],"tags":[],"class_list":["post-64838","post","type-post","status-publish","format-standard","hentry","category-algerie","category-culture"],"_links":{"self":[{"href":"https:\/\/linitiative.ca\/International\/wp-json\/wp\/v2\/posts\/64838","targetHints":{"allow":["GET"]}}],"collection":[{"href":"https:\/\/linitiative.ca\/International\/wp-json\/wp\/v2\/posts"}],"about":[{"href":"https:\/\/linitiative.ca\/International\/wp-json\/wp\/v2\/types\/post"}],"author":[{"embeddable":true,"href":"https:\/\/linitiative.ca\/International\/wp-json\/wp\/v2\/users\/1790"}],"replies":[{"embeddable":true,"href":"https:\/\/linitiative.ca\/International\/wp-json\/wp\/v2\/comments?post=64838"}],"version-history":[{"count":0,"href":"https:\/\/linitiative.ca\/International\/wp-json\/wp\/v2\/posts\/64838\/revisions"}],"wp:attachment":[{"href":"https:\/\/linitiative.ca\/International\/wp-json\/wp\/v2\/media?parent=64838"}],"wp:term":[{"taxonomy":"category","embeddable":true,"href":"https:\/\/linitiative.ca\/International\/wp-json\/wp\/v2\/categories?post=64838"},{"taxonomy":"post_tag","embeddable":true,"href":"https:\/\/linitiative.ca\/International\/wp-json\/wp\/v2\/tags?post=64838"}],"curies":[{"name":"wp","href":"https:\/\/api.w.org\/{rel}","templated":true}]}}