{"id":64842,"date":"2019-10-19T07:06:49","date_gmt":"2019-10-19T11:06:49","guid":{"rendered":"https:\/\/linitiative.ca\/International\/decoration-du-consule-honoraire-despagne-a-marrakech\/"},"modified":"2019-10-19T07:06:49","modified_gmt":"2019-10-19T11:06:49","slug":"decoration-du-consule-honoraire-despagne-a-marrakech","status":"publish","type":"post","link":"https:\/\/linitiative.ca\/International\/decoration-du-consule-honoraire-despagne-a-marrakech\/","title":{"rendered":"D\u00e9coration du Consule honoraire d\u2019Espagne \u00e0 Marrakech"},"content":{"rendered":"<div readability=\"41\">\n<p>Marrakech \u2013 La Consule Honoraire d\u2019Espagne \u00e0 Marrakech, Mme Khadija El Gabsi, a \u00e9t\u00e9 d\u00e9cor\u00e9e, vendredi soir dans la cit\u00e9 ocre, de la Croix de l\u2019Ordre de Isabel La Cat\u00f3lica du Royaume d\u2019Espagne, en reconnaissance de son engagement en faveur du renforcement des relations maroco-espagnoles et de la coop\u00e9ration diplomatique, culturelle et touristique entre les deux pays.<\/p>\n<\/div>\n<div readability=\"143\">\n<p>Cette d\u00e9coration a \u00e9t\u00e9 remise \u00e0 Mme El Gabsi par l\u2019Ambassadeur du Royaume d\u2019Espagne au Maroc, Ricardo D\u00edez-Hochleitner, au nom du Roi d\u2019Espagne Felipe VI, lors d\u2019une c\u00e9r\u00e9monie rehauss\u00e9e par la pr\u00e9sence du ministre de la Justice, Mohamed Benabdelkader, du pr\u00e9sident de la r\u00e9gion Marrakech-Safi, Ahmed Akhchichine et du pr\u00e9sident du conseil communal de Marrakech, Larbi Belca\u00efd, ainsi que d\u2019\u00e9minentes personnalit\u00e9s du monde de la politique, des affaires, de la diplomatie, de l\u2019art et des m\u00e9dias.<\/p>\n<p>S\u2019exprimant \u00e0 cette occasion, M. D\u00edez-Hochleitner a soulign\u00e9 que Mme Khadija El Gabsi n\u2019est pas une nouvelle venue dans le monde des relations maroco-espagnoles, puisqu\u2019elle a v\u00e9cu 20 ans en Espagne o\u00f9 elle a travaill\u00e9 avec acharnement et d\u00e9vouement au service du renfoncement des relations entre les deux pays.<\/p>\n<p>\u00ab\u00a0De retour au Maroc, elle a voulu continuer ce travail d\u2019appui au d\u00e9veloppement des relations bilat\u00e9rales, en acceptant la charge de devenir Consule honoraire d\u2019Espagne \u00e0 Marrakech\u00a0\u00bb, a-t-il indiqu\u00e9.<\/p>\n<p>Selon l\u2019ambassadeur, Mme El Gabsi m\u00e9rite cette reconnaissance non pas uniquement parce qu\u2019elle travaille avec un d\u00e9vouement exceptionnel mais parce qu\u2019elle a d\u00e9montr\u00e9 un esprit de service sans pareil, notant que cette d\u00e9coration a suscit\u00e9 l\u2019unanimit\u00e9 et l\u2019enthousiasme chez l\u2019ensemble des amis et admirateurs de Mme El Gabsi.<\/p>\n<p>A part ses qualit\u00e9s humaines et son abn\u00e9gation, Mme El Gabsi a fait preuve d\u2019une intelligence tr\u00e8s particuli\u00e8re et efficace, \u00e0 travers ses multiples contributions significatives \u00e0 plusieurs \u00e9v\u00e9nements, notamment la COP 22, le jumelage entre S\u00e9ville et Marrakech, a poursuivi M. D\u00edez-Hochleitner.<\/p>\n<p>Cette d\u00e9coration est, donc, l\u2019occasion de mettre en exergue les valeurs d\u2019une grande personnalit\u00e9, \u00e0 savoir Mme Khadija El Gabsi, qui a servi de pont entre le Maroc et l\u2019Espagne et contribu\u00e9 largement \u00e0 leur rapprochement, a soulign\u00e9 le diplomate espagnol.<\/p>\n<p>\u00ab\u00a0Je suis doublement honor\u00e9e de recevoir cette prestigieuse distinction qui me touche autant qu\u2019elle m\u2019oblige. D\u2019abord honor\u00e9e parce qu\u2019elle est attribu\u00e9e par le Royaume d\u2019Espagne, un pays qui m\u2019a accueilli pendant plusieurs ann\u00e9es. Il y a 5 ans, le Royaume d\u2019Espagne m\u2019a fait l\u2019honneur de me nommer Consule honoraire, une fonction que j\u2019ai accept\u00e9 avec une grande joie\u00a0\u00bb, s\u2019est r\u00e9jouie, de son c\u00f4t\u00e9, Mme Khadija El Gabsi.<\/p>\n<p>\u00ab\u00a0Honor\u00e9e, aussi, de recevoir cette distinction \u00e0 Marrakech, ma ville natale que j\u2019aime tant. Cette distinction est une invitation \u00e0 m\u2019engager davantage dans le d\u00e9veloppement des relations entre le Maroc et l\u2019Espagne\u00a0\u00bb, a-t-elle pr\u00e9cis\u00e9.<\/p>\n<p>Mme. El Gabsi a \u00e9t\u00e9 d\u00e9cor\u00e9e en reconnaissance du travail intense qu\u2019elle accomplit comme Consule Honoraire \u00e0 Marrakech, en soutenant les travaux du Consulat G\u00e9n\u00e9ral d\u2019Espagne \u00e0 Casablanca dont elle d\u00e9pend, face \u00e0 l\u2019augmentation tr\u00e8s importante des activit\u00e9s officielles avec la participation des d\u00e9l\u00e9gations espagnoles, et qui se sont tenues au cours des trois derni\u00e8res ann\u00e9es dans cette ville, ainsi que des visites tr\u00e8s fr\u00e9quentes de d\u00e9l\u00e9gations espagnoles et d\u2019anciens hauts fonctionnaires dont elle s\u2019occupe avec un d\u00e9vouement admirable, \u00e9tant une personne bien connue dans l\u2019ensemble de l\u2019administration espagnole pour ses qualit\u00e9s professionnelles et sa disponibilit\u00e9 permanente.<\/p>\n<p>Mme. El Gabsi a \u00e9galement contribu\u00e9 de mani\u00e8re particuli\u00e8rement m\u00e9ritoire \u00e0 soutenir les derni\u00e8res ann\u00e9es de la vie de l\u2019\u00e9crivain espagnol Juan Goytisolo, dont elle \u00e9tait une proche collaboratrice, et \u00e0 programmer \u00e0 Marrakech avec l\u2019Institut Cervantes diverses activit\u00e9s culturelles, gastronomiques et d\u2019arts plastiques en particulier.<\/p>\n<p>Dans le domaine strictement consulaire, face \u00e0 la hausse du nombre de touristes espagnols \u00e0 Marrakech, ces deux derni\u00e8res ann\u00e9es, elle a appuy\u00e9 avec un d\u00e9vouement louable toutes les personnes qui ont eu besoin de son soutien.<\/p>\n<p>En plus, Mme El Gabsi agit avec une grande efficacit\u00e9 pour soutenir les diff\u00e9rents bureaux (services) de l\u2019Ambassade d\u2019Espagne \u00e0 Rabat pour toutes les activit\u00e9s, int\u00e9r\u00eats ou actions qu\u2019ils sont charg\u00e9s de d\u00e9velopper dans la r\u00e9gion de Marrakech-Safi.<\/p>\n<p>Enfin, il convient de souligner l\u2019exp\u00e9rience et la pertinence extraordinaires que Mme El Gabsi poss\u00e8de en mati\u00e8re de tourisme au Maroc, mais aussi en Espagne, en raison des hautes responsabilit\u00e9s qu\u2019elle a assum\u00e9es tout au long de sa carri\u00e8re.<\/p>\n<\/div>\n<p>Auteur: Meriem IGASS<br \/>\n<a href=\"http:\/\/www.mapmarrakech.ma\/fr\/consule\/\">Cliquez ici pour lire l&rsquo;article depuis sa source.<\/a><\/p>\n","protected":false},"excerpt":{"rendered":"<p>Marrakech \u2013 La Consule Honoraire d\u2019Espagne \u00e0 Marrakech, Mme Khadija El Gabsi, a \u00e9t\u00e9 d\u00e9cor\u00e9e, vendredi soir dans la cit\u00e9 ocre, de la Croix de l\u2019Ordre de Isabel La Cat\u00f3lica du Royaume d\u2019Espagne, en reconnaissance de son engagement en faveur du renforcement des relations maroco-espagnoles et de la coop\u00e9ration diplomatique, culturelle et touristique entre les [&hellip;]<\/p>\n","protected":false},"author":1788,"featured_media":0,"comment_status":"closed","ping_status":"closed","sticky":false,"template":"","format":"standard","meta":{"fifu_image_url":"","fifu_image_alt":"","footnotes":""},"categories":[54,76],"tags":[],"class_list":["post-64842","post","type-post","status-publish","format-standard","hentry","category-maroc","category-regions"],"_links":{"self":[{"href":"https:\/\/linitiative.ca\/International\/wp-json\/wp\/v2\/posts\/64842","targetHints":{"allow":["GET"]}}],"collection":[{"href":"https:\/\/linitiative.ca\/International\/wp-json\/wp\/v2\/posts"}],"about":[{"href":"https:\/\/linitiative.ca\/International\/wp-json\/wp\/v2\/types\/post"}],"author":[{"embeddable":true,"href":"https:\/\/linitiative.ca\/International\/wp-json\/wp\/v2\/users\/1788"}],"replies":[{"embeddable":true,"href":"https:\/\/linitiative.ca\/International\/wp-json\/wp\/v2\/comments?post=64842"}],"version-history":[{"count":0,"href":"https:\/\/linitiative.ca\/International\/wp-json\/wp\/v2\/posts\/64842\/revisions"}],"wp:attachment":[{"href":"https:\/\/linitiative.ca\/International\/wp-json\/wp\/v2\/media?parent=64842"}],"wp:term":[{"taxonomy":"category","embeddable":true,"href":"https:\/\/linitiative.ca\/International\/wp-json\/wp\/v2\/categories?post=64842"},{"taxonomy":"post_tag","embeddable":true,"href":"https:\/\/linitiative.ca\/International\/wp-json\/wp\/v2\/tags?post=64842"}],"curies":[{"name":"wp","href":"https:\/\/api.w.org\/{rel}","templated":true}]}}