{"id":64858,"date":"2019-10-18T20:00:00","date_gmt":"2019-10-19T00:00:00","guid":{"rendered":"https:\/\/linitiative.ca\/International\/levee-de-limmunite-des-senateurs-ali-talbi-et-ahmed-ouraghi-les-procedures-entamees\/"},"modified":"2019-10-18T20:00:00","modified_gmt":"2019-10-19T00:00:00","slug":"levee-de-limmunite-des-senateurs-ali-talbi-et-ahmed-ouraghi-les-procedures-entamees","status":"publish","type":"post","link":"https:\/\/linitiative.ca\/International\/levee-de-limmunite-des-senateurs-ali-talbi-et-ahmed-ouraghi-les-procedures-entamees\/","title":{"rendered":"Lev\u00e9e de l\u2019immunit\u00e9 des s\u00e9nateurs Ali Talbi et Ahmed Ouraghi  : Les proc\u00e9dures entam\u00e9es"},"content":{"rendered":"<p>La Commission des affaires juridiques, administratives, des droits de l\u2019homme, de l\u2019organisation locale, de l\u2019am\u00e9nagement du territoire et du d\u00e9coupage territorial du Conseil de la nation, a poursuivi, jeudi, ses r\u00e9unions consacr\u00e9es \u00e0 l\u2019examen de la demande du ministre de la Justice, garde des Sceaux concernant l\u2019entame des proc\u00e9dures de lev\u00e9e de l\u2019immunit\u00e9 parlementaire des s\u00e9nateurs Ali Talbi et Ahmed Ouraghi, indique un communiqu\u00e9 du Conseil. \u00abEn application des dispositions de l\u2019article 127 de la Constitution et de l\u2019article 125 du r\u00e8glement int\u00e9rieur du Conseil de la nation, la Commission des affaires juridiques, administratives, des droits de l\u2019homme, de l\u2019organisation locale, de l\u2019am\u00e9nagement du territoire et du d\u00e9coupage territorial du Conseil de la nation a poursuivi ses r\u00e9unions, tenues sous la pr\u00e9sidence de M. Noureddine Belatr\u00e8che, pr\u00e9sident de la commission, en pr\u00e9sence M. Mohamed Boubtima, vice-pr\u00e9sident du Conseil de la nation, charg\u00e9 du suivi des affaires l\u00e9gislatives, des relations avec le Gouvernement et l\u2019Assembl\u00e9e populaire nationale (APN), et ce, \u00e0 l\u2019effet d\u2019examiner la demande du ministre de la Justice, garde des Sceaux sur l\u2019application des proc\u00e9dures de lev\u00e9e de l\u2019immunit\u00e9 parlementaire des s\u00e9nateurs, Ali Talbi et Ahmed Ouraghi, souligne le communiqu\u00e9. Lors de sa r\u00e9union, la commission a \u00e9cout\u00e9 le membre du Conseil de la nation, Ali Talbi, pr\u00e9cise la m\u00eame source, ajoutant que ladite commission avait finalis\u00e9 les proc\u00e9dures de lev\u00e9e de l\u2019immunit\u00e9 parlementaire du s\u00e9nateur Ahmed Ouraghi et \u00e9labor\u00e9 un rapport y aff\u00e9rent. La commission soumettra \u00abses deux rapports sur la lev\u00e9e de l\u2019immunit\u00e9 parlementaire des s\u00e9nateurs Ali Talbi et Ahmed Ouraghi au bureau, en attendant de soumettre son rapport ult\u00e9rieurement aux membres qui devront se prononcer lors d\u2019une s\u00e9ance \u00e0 huis clos\u00bb, conclut le document.<br \/>\u00a0<\/p>\n<p>Auteur: elmoudjahid<br \/>\n<a href=\"http:\/\/www.elmoudjahid.com\/fr\/actualites\/143330\">Cliquez ici pour lire l&rsquo;article depuis sa source.<\/a><\/p>\n","protected":false},"excerpt":{"rendered":"<p>La Commission des affaires juridiques, administratives, des droits de l\u2019homme, de l\u2019organisation locale, de l\u2019am\u00e9nagement du territoire et du d\u00e9coupage territorial du Conseil de la nation, a poursuivi, jeudi, ses r\u00e9unions consacr\u00e9es \u00e0 l\u2019examen de la demande du ministre de la Justice, garde des Sceaux concernant l\u2019entame des proc\u00e9dures de lev\u00e9e de l\u2019immunit\u00e9 parlementaire des [&hellip;]<\/p>\n","protected":false},"author":1744,"featured_media":0,"comment_status":"closed","ping_status":"closed","sticky":false,"template":"","format":"standard","meta":{"fifu_image_url":"","fifu_image_alt":"","footnotes":""},"categories":[73,53],"tags":[],"class_list":["post-64858","post","type-post","status-publish","format-standard","hentry","category-actualite","category-algerie"],"_links":{"self":[{"href":"https:\/\/linitiative.ca\/International\/wp-json\/wp\/v2\/posts\/64858","targetHints":{"allow":["GET"]}}],"collection":[{"href":"https:\/\/linitiative.ca\/International\/wp-json\/wp\/v2\/posts"}],"about":[{"href":"https:\/\/linitiative.ca\/International\/wp-json\/wp\/v2\/types\/post"}],"author":[{"embeddable":true,"href":"https:\/\/linitiative.ca\/International\/wp-json\/wp\/v2\/users\/1744"}],"replies":[{"embeddable":true,"href":"https:\/\/linitiative.ca\/International\/wp-json\/wp\/v2\/comments?post=64858"}],"version-history":[{"count":0,"href":"https:\/\/linitiative.ca\/International\/wp-json\/wp\/v2\/posts\/64858\/revisions"}],"wp:attachment":[{"href":"https:\/\/linitiative.ca\/International\/wp-json\/wp\/v2\/media?parent=64858"}],"wp:term":[{"taxonomy":"category","embeddable":true,"href":"https:\/\/linitiative.ca\/International\/wp-json\/wp\/v2\/categories?post=64858"},{"taxonomy":"post_tag","embeddable":true,"href":"https:\/\/linitiative.ca\/International\/wp-json\/wp\/v2\/tags?post=64858"}],"curies":[{"name":"wp","href":"https:\/\/api.w.org\/{rel}","templated":true}]}}