{"id":64859,"date":"2019-10-18T20:00:00","date_gmt":"2019-10-19T00:00:00","guid":{"rendered":"https:\/\/linitiative.ca\/International\/protection-sociale-au-plus-grand-nombre-de-citoyens-lalgerie-pleinement-engagee\/"},"modified":"2019-10-18T20:00:00","modified_gmt":"2019-10-19T00:00:00","slug":"protection-sociale-au-plus-grand-nombre-de-citoyens-lalgerie-pleinement-engagee","status":"publish","type":"post","link":"https:\/\/linitiative.ca\/International\/protection-sociale-au-plus-grand-nombre-de-citoyens-lalgerie-pleinement-engagee\/","title":{"rendered":"Protection sociale au plus grand nombre de citoyens : L\u2019Alg\u00e9rie pleinement engag\u00e9e"},"content":{"rendered":"<p><strong>Le ministre du Travail, de l&rsquo;Emploi et de la S\u00e9curit\u00e9 sociale,\u00a0 Hassan Tidjani Haddam, a affirm\u00e9, hier, que l&rsquo;\u00c9tat alg\u00e9rien \u00e9tait pleinement \u00abengag\u00e9\u00bb \u00e0 assurer une protection sociale au plus grand nombre de citoyens, et \u0153uvrait \u00e0 l&rsquo;\u00e9largir aux franges vuln\u00e9rables et aux travailleurs\u00a0 activant dans le secteur informel.<\/strong><\/p>\n<p>Dans son allocution d&rsquo;ouverture des travaux du Forum mondial de la s\u00e9curit\u00e9 sociale \u00e0 Bruxelles, M. Haddam a pr\u00e9cis\u00e9 que ce\u00a0\u00a0 syst\u00e8me \u00ab\u00a0repose sur le principe d&rsquo;\u00e9galit\u00e9 et de justice sociale, consacr\u00e9\u00a0\u00a0 par la Constitution, et ce \u00e0 travers la mise au point d&rsquo;un syst\u00e8me de protection sociale bas\u00e9 sur la contribution solidaire des affili\u00e9s, outre la participation de l&rsquo;Etat dans la prise en charge des cotisations des cat\u00e9gories sp\u00e9cifiques et vuln\u00e9rables gr\u00e2ce au principe de redistribution des richesses nationales\u00a0\u00bb. Le syst\u00e8me alg\u00e9rien de s\u00e9curit\u00e9 sociale, souligne-t-il, \u00ab\u00a0se heurte, \u00e0 l&rsquo;instar de tous les pays du monde, \u00e0 de grands d\u00e9fis en rapport avec la viabilit\u00e9 de ce syst\u00e8me et l&rsquo;\u00e9largissement de ses performances pour englober un plus grand nombre de citoyens, au vu des mutations\u00a0\u00a0 sociod\u00e9mographiques et \u00e9conomiques qui se produisent de par le monde\u00a0\u00bb. L&rsquo;Alg\u00e9rie \u00ab\u00a0a lanc\u00e9 des ateliers de r\u00e9flexion en vue d&rsquo;introduire les r\u00e9formes n\u00e9cessaires, dans l&rsquo;objectif d&rsquo;adapter le syst\u00e8me de la s\u00e9curit\u00e9 sociale \u00e0 ces mutations, d&rsquo;assurer sa viabilit\u00e9 et de l&rsquo;\u00e9tendre \u00e0 d&rsquo;autres franges fragiles de la soci\u00e9t\u00e9\u00a0\u00bb, a-t-il poursuivi, passant en revue, \u00e0 ce titre, les efforts consentis par le gouvernement, visant essentiellement \u00e0\u00a0\u00a0 encourager le transfert des travailleurs du secteur informel vers\u00a0\u00a0 l&rsquo;\u00e9conomie formelle et organis\u00e9e. Par ailleurs, le ministre du Travail, de l&rsquo;Emploi et de la S\u00e9curit\u00e9\u00a0\u00a0 sociale a eu des entretiens avec le Secr\u00e9taire g\u00e9n\u00e9ral de l&rsquo;Association\u00a0 internationale de la s\u00e9curit\u00e9 sociale (AISS), Marcello Abi-Ramia Caetano, avec lequel il a \u00e9voqu\u00e9 le r\u00f4le que peuvent jouer les caisses de la\u00a0\u00a0 s\u00e9curit\u00e9 sociale, en collaboration avec l&rsquo;association, dans la promotion et le renforcement de la s\u00e9curit\u00e9 sociale en Alg\u00e9rie et dans la r\u00e9gion, et particuli\u00e8rement \u00e0 travers l&rsquo;\u00e9change d&rsquo;exp\u00e9riences et de bonnes pratiques entre les organes de la s\u00e9curit\u00e9 sociale, membres de l&rsquo;association.\u00a0\u00a0\u00a0<\/p>\n<p>Auteur: elmoudjahid<br \/>\n<a href=\"http:\/\/www.elmoudjahid.com\/fr\/actualites\/143331\">Cliquez ici pour lire l&rsquo;article depuis sa source.<\/a><\/p>\n","protected":false},"excerpt":{"rendered":"<p>Le ministre du Travail, de l&rsquo;Emploi et de la S\u00e9curit\u00e9 sociale,\u00a0 Hassan Tidjani Haddam, a affirm\u00e9, hier, que l&rsquo;\u00c9tat alg\u00e9rien \u00e9tait pleinement \u00abengag\u00e9\u00bb \u00e0 assurer une protection sociale au plus grand nombre de citoyens, et \u0153uvrait \u00e0 l&rsquo;\u00e9largir aux franges vuln\u00e9rables et aux travailleurs\u00a0 activant dans le secteur informel. Dans son allocution d&rsquo;ouverture des travaux [&hellip;]<\/p>\n","protected":false},"author":1744,"featured_media":0,"comment_status":"closed","ping_status":"closed","sticky":false,"template":"","format":"standard","meta":{"fifu_image_url":"","fifu_image_alt":"","footnotes":""},"categories":[73,53],"tags":[],"class_list":["post-64859","post","type-post","status-publish","format-standard","hentry","category-actualite","category-algerie"],"_links":{"self":[{"href":"https:\/\/linitiative.ca\/International\/wp-json\/wp\/v2\/posts\/64859","targetHints":{"allow":["GET"]}}],"collection":[{"href":"https:\/\/linitiative.ca\/International\/wp-json\/wp\/v2\/posts"}],"about":[{"href":"https:\/\/linitiative.ca\/International\/wp-json\/wp\/v2\/types\/post"}],"author":[{"embeddable":true,"href":"https:\/\/linitiative.ca\/International\/wp-json\/wp\/v2\/users\/1744"}],"replies":[{"embeddable":true,"href":"https:\/\/linitiative.ca\/International\/wp-json\/wp\/v2\/comments?post=64859"}],"version-history":[{"count":0,"href":"https:\/\/linitiative.ca\/International\/wp-json\/wp\/v2\/posts\/64859\/revisions"}],"wp:attachment":[{"href":"https:\/\/linitiative.ca\/International\/wp-json\/wp\/v2\/media?parent=64859"}],"wp:term":[{"taxonomy":"category","embeddable":true,"href":"https:\/\/linitiative.ca\/International\/wp-json\/wp\/v2\/categories?post=64859"},{"taxonomy":"post_tag","embeddable":true,"href":"https:\/\/linitiative.ca\/International\/wp-json\/wp\/v2\/tags?post=64859"}],"curies":[{"name":"wp","href":"https:\/\/api.w.org\/{rel}","templated":true}]}}