{"id":64861,"date":"2019-10-18T20:00:00","date_gmt":"2019-10-19T00:00:00","guid":{"rendered":"https:\/\/linitiative.ca\/International\/industrie-militaire-ams-mb-spa-expose-a-bouira-des-vehicules-produits-en-algerie\/"},"modified":"2019-10-18T20:00:00","modified_gmt":"2019-10-19T00:00:00","slug":"industrie-militaire-ams-mb-spa-expose-a-bouira-des-vehicules-produits-en-algerie","status":"publish","type":"post","link":"https:\/\/linitiative.ca\/International\/industrie-militaire-ams-mb-spa-expose-a-bouira-des-vehicules-produits-en-algerie\/","title":{"rendered":"Industrie militaire : AMS-MB Spa expose \u00e0 Bouira des v\u00e9hicules produits en Alg\u00e9rie"},"content":{"rendered":"<p>La direction des industries militaires au minist\u00e8re de la D\u00e9fense nationale et la soci\u00e9t\u00e9 Algerian Motors Services Mercedes-Benz (AMS-MB Spa) ont expos\u00e9 jeudi \u00e0 Bouira les diff\u00e9rents mod\u00e8les des v\u00e9hicules utilitaires devant prendre part au huiti\u00e8me Salon international \u00abHassi Messaoud Expo 2019\u00bb qui se tiendra du 22 au 24 octobre d\u00e9di\u00e9 aux fournisseurs de produits et services p\u00e9troliers et gaziers. La caravane a \u00e9t\u00e9 lanc\u00e9e jeudi dernier depuis Rouiba \u00e0 destination de Hassi Messaoud. Le convoi marquera des haltes \u00e0 S\u00e9tif, Batna, Touggourt et Ouargla, selon les d\u00e9tails recueillis aupr\u00e8s des organisateurs. Le convoi est compos\u00e9 de six v\u00e9hicules, dont de nouveaux camions de marque \u00abACTROS\u00bb et \u00abZETROS\u00bb, ainsi que de petits camions de marque \u00abACCELO\u00bb, fabriqu\u00e9s en Alg\u00e9rie, outre des v\u00e9hicules de marque \u00abSPRINTER\u00bb.<\/p>\n<p>Auteur: elmoudjahid<br \/>\n<a href=\"http:\/\/www.elmoudjahid.com\/fr\/actualites\/143333\">Cliquez ici pour lire l&rsquo;article depuis sa source.<\/a><\/p>\n","protected":false},"excerpt":{"rendered":"<p>La direction des industries militaires au minist\u00e8re de la D\u00e9fense nationale et la soci\u00e9t\u00e9 Algerian Motors Services Mercedes-Benz (AMS-MB Spa) ont expos\u00e9 jeudi \u00e0 Bouira les diff\u00e9rents mod\u00e8les des v\u00e9hicules utilitaires devant prendre part au huiti\u00e8me Salon international \u00abHassi Messaoud Expo 2019\u00bb qui se tiendra du 22 au 24 octobre d\u00e9di\u00e9 aux fournisseurs de produits [&hellip;]<\/p>\n","protected":false},"author":1744,"featured_media":0,"comment_status":"closed","ping_status":"closed","sticky":false,"template":"","format":"standard","meta":{"fifu_image_url":"","fifu_image_alt":"","footnotes":""},"categories":[73,53],"tags":[],"class_list":["post-64861","post","type-post","status-publish","format-standard","hentry","category-actualite","category-algerie"],"_links":{"self":[{"href":"https:\/\/linitiative.ca\/International\/wp-json\/wp\/v2\/posts\/64861","targetHints":{"allow":["GET"]}}],"collection":[{"href":"https:\/\/linitiative.ca\/International\/wp-json\/wp\/v2\/posts"}],"about":[{"href":"https:\/\/linitiative.ca\/International\/wp-json\/wp\/v2\/types\/post"}],"author":[{"embeddable":true,"href":"https:\/\/linitiative.ca\/International\/wp-json\/wp\/v2\/users\/1744"}],"replies":[{"embeddable":true,"href":"https:\/\/linitiative.ca\/International\/wp-json\/wp\/v2\/comments?post=64861"}],"version-history":[{"count":0,"href":"https:\/\/linitiative.ca\/International\/wp-json\/wp\/v2\/posts\/64861\/revisions"}],"wp:attachment":[{"href":"https:\/\/linitiative.ca\/International\/wp-json\/wp\/v2\/media?parent=64861"}],"wp:term":[{"taxonomy":"category","embeddable":true,"href":"https:\/\/linitiative.ca\/International\/wp-json\/wp\/v2\/categories?post=64861"},{"taxonomy":"post_tag","embeddable":true,"href":"https:\/\/linitiative.ca\/International\/wp-json\/wp\/v2\/tags?post=64861"}],"curies":[{"name":"wp","href":"https:\/\/api.w.org\/{rel}","templated":true}]}}