{"id":64866,"date":"2019-10-19T15:07:15","date_gmt":"2019-10-19T19:07:15","guid":{"rendered":"https:\/\/linitiative.ca\/International\/95913-bedoui-preside-une-reunion-interministerielle-consacree-aux-preparatifs-des-jm-2021\/"},"modified":"2019-10-19T15:07:15","modified_gmt":"2019-10-19T19:07:15","slug":"95913-bedoui-preside-une-reunion-interministerielle-consacree-aux-preparatifs-des-jm-2021","status":"publish","type":"post","link":"https:\/\/linitiative.ca\/International\/95913-bedoui-preside-une-reunion-interministerielle-consacree-aux-preparatifs-des-jm-2021\/","title":{"rendered":"Bedoui pr\u00e9side une r\u00e9union interminist\u00e9rielle consacr\u00e9e aux pr\u00e9paratifs des JM 2021\u00a0"},"content":{"rendered":"<div readability=\"36\">\n<p><strong>ALGER &#8211; Le Premier ministre, Noureddine Bedoui a pr\u00e9sid\u00e9 samedi une r\u00e9union interminist\u00e9rielle consacr\u00e9e \u00e0 l&rsquo;examen des pr\u00e9paratifs relatifs aux Jeux M\u00e9diterran\u00e9ens pr\u00e9vu \u00e0 Oran en 2021, indique un communiqu\u00e9 des services du Premier ministre.<\/strong><\/p>\n<\/div>\n<div readability=\"152.988947621\">\n<p>La r\u00e9union s&rsquo;est d\u00e9roul\u00e9e en pr\u00e9sence des ministres de l&rsquo;Int\u00e9rieur, de l&rsquo;Enseignement sup\u00e9rieur, de la Jeunesse et des Sports, de l&rsquo;Habitat, des Travaux publics et des Transports, des secr\u00e9taires g\u00e9n\u00e9raux des minist\u00e8res des Finances, de la Communication et du Tourisme ainsi que du Wali d&rsquo;Oran, le Directeur g\u00e9n\u00e9ral des Jeux M\u00e9diterran\u00e9ens Oran 2021 et du repr\u00e9sentant du Comit\u00e9 olympique alg\u00e9rien.<\/p>\n<blockquote readability=\"11\">\n<p><em><strong>\u00ab\u00a0Cette r\u00e9union intervient dans le cadre de la mise en oeuvre des d\u00e9cisions de la r\u00e9union interminist\u00e9rielle du 18 juin 2019 lors de laquelle il \u00e9t\u00e9 d\u00e9cid\u00e9 de la mise en place d&rsquo;une Commission nationale, pr\u00e9sid\u00e9e par le Premier ministre, laquelle se chargera du suivi des diff\u00e9rents pr\u00e9paratifs relatifs aux Jeux M\u00e9diterran\u00e9ens Oran 2021\u00a0\u00bb, a ajout\u00e9 le communiqu\u00e9.<\/strong><\/em><\/p>\n<\/blockquote>\n<p>Le Premier ministre a \u00e9cout\u00e9, lors de cette r\u00e9union, des \u00ab\u00a0expos\u00e9s d\u00e9taill\u00e9s sur les travaux des diff\u00e9rentes sous-commissions relevant de ladite Commission pour la pr\u00e9paration de ces Jeux qui se chargent des aspects technique, organique, financier et de s\u00e9curit\u00e9, ainsi que de la strat\u00e9gie de communication et de l&rsquo;animation culturelle et touristique de cette manifestation\u00a0\u00bb.<\/p>\n<p>Les expos\u00e9s pr\u00e9sent\u00e9s, poursuit la m\u00eame source, ont fait \u00e9tat d&rsquo;un \u00ab\u00a0avancement important des pr\u00e9paratifs, notamment en ce qui concerne le parach\u00e8vement de la r\u00e9alisation des diff\u00e9rents structures et infrastructures devant abriter l&rsquo;\u00e9v\u00e8nement qui devront toutes \u00eatre r\u00e9ceptionn\u00e9es avant juin 2020, et de relever et d&rsquo;identifier certaines lacunes\u00a0\u00bb.\u00a0<\/p>\n<p>Intervenant au terme de ces expos\u00e9s, le Premier ministre s&rsquo;est dit \u00ab\u00a0satisfait du taux d&rsquo;avancement important des travaux de r\u00e9alisation des diff\u00e9rentes infrastructures devant abriter les Jeux m\u00e9diterran\u00e9ens et habiliter la ville d&rsquo;Oran pour accueillir cet \u00e9v\u00e8nement sportif r\u00e9gional, ainsi que des efforts consentis depuis la tenue du premier conseil interminist\u00e9riel consacr\u00e9 \u00e0 ce dossier afin de lever tous les obstacles et probl\u00e8mes soulev\u00e9s\u00a0\u00bb.<\/p>\n<p>Le Premier ministre a affirm\u00e9, dans le m\u00eame cadre, que l&rsquo;organisation de ces Jeux \u00e9tait \u00ab\u00a0un important enjeu national qu&rsquo;il convient \u00e0 tout un chacun de contribuer \u00e0 sa r\u00e9ussite, d&rsquo;autant qu&rsquo;il s&rsquo;inscrit dans le cadre de la d\u00e9marche du Gouvernement visant \u00e0 promouvoir le sport national et lui donner un nouveau souffle et de r\u00e9unir les conditions idoines pour former et donner naissance \u00e0 une \u00e9lite sportive de haut niveau\u00a0\u00bb.<\/p>\n<p>Par ailleurs, M. Bedoui a rappel\u00e9 que l&rsquo;organisation des Jeux M\u00e9diterran\u00e9ens \u00e9tait l&rsquo;occasion pour promouvoir la destination Alg\u00e9rie en g\u00e9n\u00e9ral et Oran en particulier et de mettre en relief la diversit\u00e9 culturelle de notre pays continent.<\/p>\n<hr\/>\n<p><em><strong>Lire aussi:\u00a0<\/strong><\/em><a href=\"http:\/\/www.aps.dz\/sport\/95902-football-saison-2019-2020-240-joueurs-controles-aucun-cas-positif-signale\">Football\/Saison 2019-2020 : \u00ab\u00a0240 joueurs contr\u00f4l\u00e9s, aucun cas positif signal\u00e9\u00a0\u00bb<\/a><\/p>\n<hr\/>\n<p>Pour pallier les manques relev\u00e9s, le Premier ministre a donn\u00e9 les instructions suivantes:<\/p>\n<p>&#8211; La n\u00e9cessit\u00e9 de s&rsquo;en tenir fermement dans la r\u00e9alisation et l&rsquo;\u00e9quipement des structures concern\u00e9es par ce rendez-vous aux normes internationales adopt\u00e9es par les instances sportives internationales sp\u00e9cialis\u00e9es et de parachever les pr\u00e9paratifs suivant un calendrier d\u00e9termin\u00e9.\u00a0<\/p>\n<p>&#8211; L&rsquo;importance de faire de cette manifestation sportive une grande f\u00eate ne se limitant pas seulement \u00e0 la ville d&rsquo;Oran mais \u00e0 toutes les r\u00e9gions du pays, et ce dans le cadre de l&rsquo;encouragement de l&rsquo;\u00e9change entre les enfants du pays et de mettre en avant les capacit\u00e9s et les comp\u00e9tences alg\u00e9riennes.<\/p>\n<p>&#8211; Le wali d&rsquo;Oran est charg\u00e9 de mettre en place un m\u00e9canisme de coordination avec les walis des wilayas voisines afin de les associer dans la r\u00e9ussite de cette manifestation \u00e0 travers la mobilisation de toutes les ressources humaines et mat\u00e9rielles et cr\u00e9er, partant une dynamique dans toute la r\u00e9gion.\u00a0<\/p>\n<p>&#8211; L&rsquo;imp\u00e9rative sensibilisation et implication de l&rsquo;ensemble des citoyens\u00a0 dans l&rsquo;organisation de cet \u00e9v\u00e8nement d&rsquo;autant que sa r\u00e9ussite est tributaire de l&rsquo;association de tous les acteurs de la soci\u00e9t\u00e9 civile en t\u00eate desquels les jeunes, notamment par l&rsquo;intensification des initiatives b\u00e9n\u00e9voles en mati\u00e8re de pr\u00e9servation de l&rsquo;environnement, refl\u00e9tant ainsi le d\u00e9veloppement que connait le pays et la wilaya d&rsquo;Oran en particulier.<\/p>\n<p>&#8211; L&rsquo;engagement du Gouvernement \u00e0 la mobilisation des ressources financi\u00e8res pour le parach\u00e8vement de toutes les structures et les aspects se rapportant \u00e0 l&rsquo;organisation de cet \u00e9v\u00e8nement, notamment par:<\/p>\n<p>&#8211; Le parach\u00e8vement de toutes les proc\u00e9dures relatives au budget du comit\u00e9 d&rsquo;organisation des Jeux M\u00e9diterran\u00e9ens en mettant \u00e0 sa disposition les enveloppes financi\u00e8res n\u00e9cessaires pour son fonctionnement.<\/p>\n<p>&#8211; Des instructions ont \u00e9t\u00e9 donn\u00e9es \u00e9galement pour l&rsquo;acquisition d&rsquo;\u00e9quipements techniques ultramodernes en vue d&rsquo;assurer une couverture m\u00e9diatique de haute qualit\u00e9 \u00e0 cette manifestation. Le ministre des Finances a \u00e9t\u00e9 charg\u00e9 de la cr\u00e9ation d&rsquo;une commission d&rsquo;experts \u00e0 son niveau pour l&rsquo;\u00e9laboration le cahier de charge y aff\u00e9rant.<\/p>\n<p>Le Premier ministre a donn\u00e9 des \u00ab\u00a0instructions strictes\u00a0\u00bb, dans ce sens, \u00e0 l&rsquo;ensemble des secteurs concern\u00e9s afin de poursuivre le travail suivant la m\u00e9thode pr\u00e9vue en mati\u00e8re d&rsquo;utilisation rationnelle des d\u00e9penses publiques et de m\u00e9canismes de gestion du denier public.<\/p>\n<p>Il s&rsquo;agit \u00e9galement de l&rsquo;acc\u00e9l\u00e9ration de l&rsquo;\u00e9laboration et de la concr\u00e9tisation de la strat\u00e9gie de communication et de marketing m\u00e9diatique de cet \u00e9v\u00e8nement \u00e0 une large \u00e9chelle, en incluant des experts dans ce domaine et en utilisant tous les multim\u00e9dias, notamment internet, et ce en fonction de la dimension m\u00e9diterran\u00e9enne de cette manifestation.<\/p>\n<p>Le comit\u00e9 d&rsquo;organisation des JM a \u00e9t\u00e9 charg\u00e9 d&rsquo;engager les pr\u00e9paratifs des c\u00e9r\u00e9monies d&rsquo;ouverture et de cl\u00f4ture, lesquelles doivent \u00eatre \u00e0 la hauteur conform\u00e9ment aux normes internationales en vigueur et refl\u00e9tant l&rsquo;image de l&rsquo;Alg\u00e9rie, et ce \u00e0 travers le recours aux talents et au haut sens de cr\u00e9ativit\u00e9 des techniciens et des artistes alg\u00e9riens en premier lieu.<\/p>\n<p>Enfin, M. Bedoui a mis l&rsquo;accent sur \u00ab\u00a0l&rsquo;imp\u00e9rative mobilisation de tous les intervenants afin de parachever la r\u00e9alisation des infrastructures et des pr\u00e9paratifs de cet \u00e9v\u00e8nement, et ce conform\u00e9ment au programme trac\u00e9\u00a0\u00bb.<\/p>\n<\/div>\n<p>Auteur:<br \/>\n<a href=\"http:\/\/www.aps.dz\/sport\/95913-bedoui-preside-une-reunion-interministerielle-consacree-aux-preparatifs-des-jm-2021?utm_source=feedburner&#038;utm_medium=feed&#038;utm_campaign=Feed%3A+aps-sport+%28APS+-+SPORT%29\">Cliquez ici pour lire l&rsquo;article depuis sa source.<\/a><\/p>\n","protected":false},"excerpt":{"rendered":"<p>ALGER &#8211; Le Premier ministre, Noureddine Bedoui a pr\u00e9sid\u00e9 samedi une r\u00e9union interminist\u00e9rielle consacr\u00e9e \u00e0 l&rsquo;examen des pr\u00e9paratifs relatifs aux Jeux M\u00e9diterran\u00e9ens pr\u00e9vu \u00e0 Oran en 2021, indique un communiqu\u00e9 des services du Premier ministre. La r\u00e9union s&rsquo;est d\u00e9roul\u00e9e en pr\u00e9sence des ministres de l&rsquo;Int\u00e9rieur, de l&rsquo;Enseignement sup\u00e9rieur, de la Jeunesse et des Sports, de [&hellip;]<\/p>\n","protected":false},"author":1790,"featured_media":0,"comment_status":"closed","ping_status":"closed","sticky":false,"template":"","format":"standard","meta":{"fifu_image_url":"","fifu_image_alt":"","footnotes":""},"categories":[53,75],"tags":[],"class_list":["post-64866","post","type-post","status-publish","format-standard","hentry","category-algerie","category-sport"],"_links":{"self":[{"href":"https:\/\/linitiative.ca\/International\/wp-json\/wp\/v2\/posts\/64866","targetHints":{"allow":["GET"]}}],"collection":[{"href":"https:\/\/linitiative.ca\/International\/wp-json\/wp\/v2\/posts"}],"about":[{"href":"https:\/\/linitiative.ca\/International\/wp-json\/wp\/v2\/types\/post"}],"author":[{"embeddable":true,"href":"https:\/\/linitiative.ca\/International\/wp-json\/wp\/v2\/users\/1790"}],"replies":[{"embeddable":true,"href":"https:\/\/linitiative.ca\/International\/wp-json\/wp\/v2\/comments?post=64866"}],"version-history":[{"count":0,"href":"https:\/\/linitiative.ca\/International\/wp-json\/wp\/v2\/posts\/64866\/revisions"}],"wp:attachment":[{"href":"https:\/\/linitiative.ca\/International\/wp-json\/wp\/v2\/media?parent=64866"}],"wp:term":[{"taxonomy":"category","embeddable":true,"href":"https:\/\/linitiative.ca\/International\/wp-json\/wp\/v2\/categories?post=64866"},{"taxonomy":"post_tag","embeddable":true,"href":"https:\/\/linitiative.ca\/International\/wp-json\/wp\/v2\/tags?post=64866"}],"curies":[{"name":"wp","href":"https:\/\/api.w.org\/{rel}","templated":true}]}}