{"id":64868,"date":"2019-10-19T12:49:00","date_gmt":"2019-10-19T16:49:00","guid":{"rendered":"https:\/\/linitiative.ca\/International\/examens-de-fin-dannee-debut-des-inscriptions-a-partir-du-22-octobre\/"},"modified":"2019-10-19T12:49:00","modified_gmt":"2019-10-19T16:49:00","slug":"examens-de-fin-dannee-debut-des-inscriptions-a-partir-du-22-octobre","status":"publish","type":"post","link":"https:\/\/linitiative.ca\/International\/examens-de-fin-dannee-debut-des-inscriptions-a-partir-du-22-octobre\/","title":{"rendered":"EXAMENS DE FIN D&rsquo;ANNEE : D\u00e9but des inscriptions \u00e0 partir du 22 octobre"},"content":{"rendered":"<p><br id=\"sep_para_1\" class=\"sep_para access\"\/><\/p>\n<div id=\"para_1\" class=\"para_33572050 resize\">\n<div class=\"texte access firstletter\">Les inscriptions des candidats aux examens nationaux de l&rsquo;ann\u00e9e scolaire 2019-2020 d\u00e9buteront le 22 octobre courant sur la plateforme num\u00e9rique, mise \u00e0 la disposition des \u00e9tablissements d&rsquo;enseignement, a indiqu\u00e9, ce samedi, le minist\u00e8re de l&rsquo;Education nationale dans un communiqu\u00e9. Les inscriptions des candidats scolaris\u00e9s aux \u00e9preuves de 5e ann\u00e9e, de BEM et de Baccalaur\u00e9at s&rsquo;\u00e9taleront du 22 octobre au 10 novembre, a pr\u00e9cis\u00e9 la m\u00eame source. A noter que cette op\u00e9ration s&rsquo;effectue d\u00e9sormais au niveau des \u00e9tablissements d&rsquo;\u00e9ducation via la plateforme num\u00e9rique du secteur, selon le communiqu\u00e9, indiquant qu&rsquo;il incombe aux \u00ab\u00a0chefs d&rsquo;\u00e9tablissements d&rsquo;effectuer les inscriptions de leurs \u00e9l\u00e8ves\u00a0\u00bb. Quant aux inscriptions des candidats libres aux examens de BEM et de Baccalaur\u00e9at session 2020, elles s&rsquo;\u00e9taleront, pr\u00e9cise la m\u00eame source, du 22 octobre au 21 novembre sur les deux sites de l&rsquo;Office national des examens et concours (ONEC): http:\/\/bem.onec.dz et http:\/\/bac.onec.dz.\u00a0\u00a0\u00a0\u00a0\u00a0\u00a0\u00a0<\/div>\n<\/div>\n<p>Auteur: Nadine<br \/>\n<a href=\"https:\/\/www.reflexiondz.net\/EXAMENS-DE-FIN-D-ANNEE-Debut-des-inscriptions-a-partir-du-22-octobre_a58307.html\">Cliquez ici pour lire l&rsquo;article depuis sa source.<\/a><\/p>\n","protected":false},"excerpt":{"rendered":"<p>Les inscriptions des candidats aux examens nationaux de l&rsquo;ann\u00e9e scolaire 2019-2020 d\u00e9buteront le 22 octobre courant sur la plateforme num\u00e9rique, mise \u00e0 la disposition des \u00e9tablissements d&rsquo;enseignement, a indiqu\u00e9, ce samedi, le minist\u00e8re de l&rsquo;Education nationale dans un communiqu\u00e9. Les inscriptions des candidats scolaris\u00e9s aux \u00e9preuves de 5e ann\u00e9e, de BEM et de Baccalaur\u00e9at s&rsquo;\u00e9taleront [&hellip;]<\/p>\n","protected":false},"author":1740,"featured_media":0,"comment_status":"closed","ping_status":"closed","sticky":false,"template":"","format":"standard","meta":{"fifu_image_url":"","fifu_image_alt":"","footnotes":""},"categories":[53,76],"tags":[],"class_list":["post-64868","post","type-post","status-publish","format-standard","hentry","category-algerie","category-regions"],"_links":{"self":[{"href":"https:\/\/linitiative.ca\/International\/wp-json\/wp\/v2\/posts\/64868","targetHints":{"allow":["GET"]}}],"collection":[{"href":"https:\/\/linitiative.ca\/International\/wp-json\/wp\/v2\/posts"}],"about":[{"href":"https:\/\/linitiative.ca\/International\/wp-json\/wp\/v2\/types\/post"}],"author":[{"embeddable":true,"href":"https:\/\/linitiative.ca\/International\/wp-json\/wp\/v2\/users\/1740"}],"replies":[{"embeddable":true,"href":"https:\/\/linitiative.ca\/International\/wp-json\/wp\/v2\/comments?post=64868"}],"version-history":[{"count":0,"href":"https:\/\/linitiative.ca\/International\/wp-json\/wp\/v2\/posts\/64868\/revisions"}],"wp:attachment":[{"href":"https:\/\/linitiative.ca\/International\/wp-json\/wp\/v2\/media?parent=64868"}],"wp:term":[{"taxonomy":"category","embeddable":true,"href":"https:\/\/linitiative.ca\/International\/wp-json\/wp\/v2\/categories?post=64868"},{"taxonomy":"post_tag","embeddable":true,"href":"https:\/\/linitiative.ca\/International\/wp-json\/wp\/v2\/tags?post=64868"}],"curies":[{"name":"wp","href":"https:\/\/api.w.org\/{rel}","templated":true}]}}