{"id":64871,"date":"2019-10-19T12:55:00","date_gmt":"2019-10-19T16:55:00","guid":{"rendered":"https:\/\/linitiative.ca\/International\/oran-lancien-maire-del-kerma-ecroue\/"},"modified":"2019-10-19T12:55:00","modified_gmt":"2019-10-19T16:55:00","slug":"oran-lancien-maire-del-kerma-ecroue","status":"publish","type":"post","link":"https:\/\/linitiative.ca\/International\/oran-lancien-maire-del-kerma-ecroue\/","title":{"rendered":"ORAN : L&rsquo;ancien maire d&rsquo;El-Kerma \u00e9crou\u00e9"},"content":{"rendered":"<p><br id=\"sep_para_1\" class=\"sep_para access\"\/><\/p>\n<div id=\"para_1\" class=\"para_33572137 resize\">\n<div class=\"photo shadow left\"><a href=\"javascript:void(0)\" rel=\"https:\/\/www.reflexiondz.net\/photo\/art\/grande\/38490743-33572137.jpg?v=1571506107&#038;ibox\" title=\"ORAN : L'ancien maire d'El-Kerma \u00e9crou\u00e9\"><img decoding=\"async\" class=\"responsive c9\" src=\"https:\/\/www.reflexiondz.net\/photo\/art\/grande\/38490743-33572137.jpg?v=1571506107\" alt=\"ORAN : L'ancien maire d'El-Kerma \u00e9crou\u00e9\" title=\"ORAN : L'ancien maire d'El-Kerma \u00e9crou\u00e9\"\/><img decoding=\"async\" class=\"not-responsive\" src=\"https:\/\/www.reflexiondz.net\/photo\/art\/default\/38490743-33572137.jpg?v=1571506109\" alt=\"ORAN : L'ancien maire d'El-Kerma \u00e9crou\u00e9\" title=\"ORAN : L'ancien maire d'El-Kerma \u00e9crou\u00e9\"\/><\/a><\/div>\n<div class=\"texte access firstletter\">Poursuivis dans plusieurs affaires li\u00e9es \u00e0 la corruption des diff\u00e9rents projets qui ont fait l&rsquo;objet de passation de gr\u00e9 \u00e0 gr\u00e9 \u00e0 06 chefs d&rsquo;entreprises en compagnie du secr\u00e9taire, de l&rsquo;actuel P\/APC d&rsquo;El-Kerma et de son \u00e9pouse qui faisaient l&rsquo;interm\u00e9diaire entre ces chefs d&rsquo;entreprises qui ont fait l&rsquo;objet de d\u00e9tention pr\u00e9ventive, B. Mohamed, un ancien maire de cette importante municipalit\u00e9 a \u00e9t\u00e9 cit\u00e9 par l&rsquo;actuel maire pour les d\u00e9tournements des 46 milliards de centimes. Des mandats d&rsquo;amener ont \u00e9t\u00e9 lanc\u00e9s contre lui par le tribunal pr\u00e8s de la da\u00efra d&rsquo;Arzew. Une fois arr\u00eat\u00e9 par les services de s\u00e9curit\u00e9, il a \u00e9t\u00e9 pr\u00e9sent\u00e9 par devant le magistrat instructeur du tribunal d&rsquo;Arzew et a \u00e9t\u00e9 mis sous mandat de d\u00e9p\u00f4t en attendant la suite de l&rsquo;enqu\u00eate qui suit son cours au niveau du tribunal d&rsquo;Arzew.\u00a0\u00a0\u00a0\u00a0\u00a0\u00a0<\/div>\n<\/div>\n<p>Auteur: Medjadji H.<br \/>\n<a href=\"https:\/\/www.reflexiondz.net\/ORAN-L-ancien-maire-d-El-Kerma-ecroue_a58314.html\">Cliquez ici pour lire l&rsquo;article depuis sa source.<\/a><\/p>\n","protected":false},"excerpt":{"rendered":"<p>Poursuivis dans plusieurs affaires li\u00e9es \u00e0 la corruption des diff\u00e9rents projets qui ont fait l&rsquo;objet de passation de gr\u00e9 \u00e0 gr\u00e9 \u00e0 06 chefs d&rsquo;entreprises en compagnie du secr\u00e9taire, de l&rsquo;actuel P\/APC d&rsquo;El-Kerma et de son \u00e9pouse qui faisaient l&rsquo;interm\u00e9diaire entre ces chefs d&rsquo;entreprises qui ont fait l&rsquo;objet de d\u00e9tention pr\u00e9ventive, B. Mohamed, un ancien [&hellip;]<\/p>\n","protected":false},"author":1740,"featured_media":0,"comment_status":"closed","ping_status":"closed","sticky":false,"template":"","format":"standard","meta":{"fifu_image_url":"","fifu_image_alt":"","footnotes":""},"categories":[53,76],"tags":[],"class_list":["post-64871","post","type-post","status-publish","format-standard","hentry","category-algerie","category-regions"],"_links":{"self":[{"href":"https:\/\/linitiative.ca\/International\/wp-json\/wp\/v2\/posts\/64871","targetHints":{"allow":["GET"]}}],"collection":[{"href":"https:\/\/linitiative.ca\/International\/wp-json\/wp\/v2\/posts"}],"about":[{"href":"https:\/\/linitiative.ca\/International\/wp-json\/wp\/v2\/types\/post"}],"author":[{"embeddable":true,"href":"https:\/\/linitiative.ca\/International\/wp-json\/wp\/v2\/users\/1740"}],"replies":[{"embeddable":true,"href":"https:\/\/linitiative.ca\/International\/wp-json\/wp\/v2\/comments?post=64871"}],"version-history":[{"count":0,"href":"https:\/\/linitiative.ca\/International\/wp-json\/wp\/v2\/posts\/64871\/revisions"}],"wp:attachment":[{"href":"https:\/\/linitiative.ca\/International\/wp-json\/wp\/v2\/media?parent=64871"}],"wp:term":[{"taxonomy":"category","embeddable":true,"href":"https:\/\/linitiative.ca\/International\/wp-json\/wp\/v2\/categories?post=64871"},{"taxonomy":"post_tag","embeddable":true,"href":"https:\/\/linitiative.ca\/International\/wp-json\/wp\/v2\/tags?post=64871"}],"curies":[{"name":"wp","href":"https:\/\/api.w.org\/{rel}","templated":true}]}}