{"id":64879,"date":"2019-10-19T07:36:54","date_gmt":"2019-10-19T11:36:54","guid":{"rendered":"https:\/\/linitiative.ca\/International\/litterature-dedicace-du-livre-de-saad-said\/"},"modified":"2019-10-19T07:36:54","modified_gmt":"2019-10-19T11:36:54","slug":"litterature-dedicace-du-livre-de-saad-said","status":"publish","type":"post","link":"https:\/\/linitiative.ca\/International\/litterature-dedicace-du-livre-de-saad-said\/","title":{"rendered":"litt\u00e9rature : d\u00e9dicace du livre de Saad Said"},"content":{"rendered":"<h4 class=\"title-14\"\/>\n<p>Pour rendre hommage aux milliers de combattants alg\u00e9riens morts pour d\u00e9fendre la nation fran\u00e7aise durant la premi\u00e8re seconde guerre mondiale, l\u2019\u00e9crivain Saad Sa\u00efd revient dans un livre intitul\u00e9 les tranch\u00e9es de l\u2019imposture o\u00f9 il revient sur les \u00e9v\u00e9nements qui ont eu lieu et ou il narre a ces lecteurs les milliers d\u2019indig\u00e8nes qui ont du faire face a la cruaut\u00e9 de la guerre entre morts, corps en d\u00e9composition et autre atrocit\u00e9s. La d\u00e9dicace du livre aura lieu aujourd\u2019hui a 15h a la biblioth\u00e8que l\u2019arbre a dire. Bonne lecture<\/p>\n<p><span class=\"post-views-label\">Post Views:<\/span> <span class=\"post-views-count\">166<\/span><\/p>\n<p><br class=\"c4\"\/><br \/>\nAuteur: rachid larbi<br \/>\n<a href=\"https:\/\/www.elwatan.com\/edition\/culture\/litterature-13-19-10-2019\">Cliquez ici pour lire l&rsquo;article depuis sa source.<\/a><\/p>\n","protected":false},"excerpt":{"rendered":"<p>Pour rendre hommage aux milliers de combattants alg\u00e9riens morts pour d\u00e9fendre la nation fran\u00e7aise durant la premi\u00e8re seconde guerre mondiale, l\u2019\u00e9crivain Saad Sa\u00efd revient dans un livre intitul\u00e9 les tranch\u00e9es de l\u2019imposture o\u00f9 il revient sur les \u00e9v\u00e9nements qui ont eu lieu et ou il narre a ces lecteurs les milliers d\u2019indig\u00e8nes qui ont du [&hellip;]<\/p>\n","protected":false},"author":1743,"featured_media":0,"comment_status":"closed","ping_status":"closed","sticky":false,"template":"","format":"standard","meta":{"fifu_image_url":"","fifu_image_alt":"","footnotes":""},"categories":[73,53],"tags":[],"class_list":["post-64879","post","type-post","status-publish","format-standard","hentry","category-actualite","category-algerie"],"_links":{"self":[{"href":"https:\/\/linitiative.ca\/International\/wp-json\/wp\/v2\/posts\/64879","targetHints":{"allow":["GET"]}}],"collection":[{"href":"https:\/\/linitiative.ca\/International\/wp-json\/wp\/v2\/posts"}],"about":[{"href":"https:\/\/linitiative.ca\/International\/wp-json\/wp\/v2\/types\/post"}],"author":[{"embeddable":true,"href":"https:\/\/linitiative.ca\/International\/wp-json\/wp\/v2\/users\/1743"}],"replies":[{"embeddable":true,"href":"https:\/\/linitiative.ca\/International\/wp-json\/wp\/v2\/comments?post=64879"}],"version-history":[{"count":0,"href":"https:\/\/linitiative.ca\/International\/wp-json\/wp\/v2\/posts\/64879\/revisions"}],"wp:attachment":[{"href":"https:\/\/linitiative.ca\/International\/wp-json\/wp\/v2\/media?parent=64879"}],"wp:term":[{"taxonomy":"category","embeddable":true,"href":"https:\/\/linitiative.ca\/International\/wp-json\/wp\/v2\/categories?post=64879"},{"taxonomy":"post_tag","embeddable":true,"href":"https:\/\/linitiative.ca\/International\/wp-json\/wp\/v2\/tags?post=64879"}],"curies":[{"name":"wp","href":"https:\/\/api.w.org\/{rel}","templated":true}]}}