{"id":64880,"date":"2019-10-19T07:50:35","date_gmt":"2019-10-19T11:50:35","guid":{"rendered":"https:\/\/linitiative.ca\/International\/la-faille-le-roman-de-mohamed-cherif-lachichi-selectionne-pour-le-prix-litteraire-fetkann\/"},"modified":"2019-10-19T07:50:35","modified_gmt":"2019-10-19T11:50:35","slug":"la-faille-le-roman-de-mohamed-cherif-lachichi-selectionne-pour-le-prix-litteraire-fetkann","status":"publish","type":"post","link":"https:\/\/linitiative.ca\/International\/la-faille-le-roman-de-mohamed-cherif-lachichi-selectionne-pour-le-prix-litteraire-fetkann\/","title":{"rendered":"\u00ab\u00a0La Faille\u00a0\u00bb, le roman de Mohamed-Ch\u00e9rif Lachichi s\u00e9lectionn\u00e9 pour le Prix Litt\u00e9raire Fetkann"},"content":{"rendered":"<h4 class=\"title-14\"\/>\n<div class=\"featured_image\"><img width=\"428\" height=\"716\" data-cfsrc=\"https:\/\/www.elwatan.com\/wp-content\/uploads\/2019\/10\/La-faille.jpg\" class=\"attachment-post-thumbnail size-post-thumbnail wp-post-image c2\" alt=\"\" srcset=\"https:\/\/www.elwatan.com\/wp-content\/uploads\/2019\/10\/La-faille.jpg 428w, https:\/\/www.elwatan.com\/wp-content\/uploads\/2019\/10\/La-faille-179x300.jpg 179w\" sizes=\"(max-width: 428px) 100vw, 428px\"\/><noscript><\/p>\n<p><img loading=\"lazy\" decoding=\"async\" width=\"428\" height=\"716\" src=\"https:\/\/www.elwatan.com\/wp-content\/uploads\/2019\/10\/La-faille.jpg\" class=\"attachment-post-thumbnail size-post-thumbnail wp-post-image\" alt=\"\" srcset=\"https:\/\/www.elwatan.com\/wp-content\/uploads\/2019\/10\/La-faille.jpg 428w, https:\/\/www.elwatan.com\/wp-content\/uploads\/2019\/10\/La-faille-179x300.jpg 179w\" sizes=\"auto, (max-width: 428px) 100vw, 428px\"\/><\/p>\n<p><\/noscript> <span class=\"featured-image-caption\">Photo : DR<\/span><\/div>\n<p>Le roman \u00ab\u00a0La Faille\u00a0\u00bb du journaliste Alg\u00e9rien, Mohamed-Ch\u00e9rif Lachichi vient d\u2019\u00eatre s\u00e9lectionn\u00e9 pour la 16e\u0300me \u00c9dition du Prix Litt\u00e9raire \u00ab\u00a0Fetkann\u00a0\u00bb dans la cat\u00e9gorie \u00ab\u00a0M\u00e9moire des pays du sud\/M\u00e9moire de l\u2019humanit\u00e9\u00a0\u00bb, a appris elwatan.com aujourd\u2019hui samedi de l\u2019auteur.<\/p>\n<p>Ce prix r\u00e9compense, depuis plus de quinze ans, des romans, des essais, des recueils de po\u00e8mes, des travaux de recherche et des pi\u00e8ces de th\u00e9\u00e2tre qui mettent l\u2019accent sur l\u2019affirmation des droits de l\u2019Homme et qui favorisent le travail concernant la m\u00e9moire des pays du Sud et de l\u2019Humanit\u00e9. \u00ab\u00a0Fetkann\u00a0\u00bb, traduit litt\u00e9ralement du cr\u00e9ole signifie \u00ab f\u00eate de la canne \u00bb.<\/p>\n<p>Une r\u00e9f\u00e9rence au commerce dit triangulaire Europe-Afrique-Antilles et l\u2019exploitation des Africains mis en esclavage dans les plantations d\u2019Am\u00e9rique. Fetkann est donc le symbole du combat des esclaves pour la libert\u00e9.<\/p>\n<p>Son intitul\u00e9 officiel est : \u00ab Prix litt\u00e9raire Fetkann Maryse Cond\u00e9 \u2013 M\u00e9moire des Pays du Sud\/M\u00e9moire de l\u2019humanit\u00e9\u00bb du nom de la c\u00e9l\u00e8bre \u00e9crivaine guadeloup\u00e9enne-ind\u00e9pendantiste et professeure de litt\u00e9rature, Maryse Cond\u00e9. Pour rappel, le roman \u00ab\u00a0La Faille\u00a0\u00bb est un livre de politique-fiction sorti aux Editions L\u2019Harmattan- Alg\u00e9rie, en octobre 2018 c\u2019est \u00e0 dire avant la naissance en Alg\u00e9rie ce qu\u2019il convient d\u2019appeler \u00ab Mouvement du 22 f\u00e9vrier 2019\u00bb.<\/p>\n<p>Pr\u00e9c\u00e9dant le \u00abHirak\u00bb de quelques semaines seulement, cet ouvrage que l\u2019on doit au journaliste Mohamed-Ch\u00e9rif Lachichi anticipait n\u00e9anmoins dans l\u2019un de ses chapitres \u00ab\u00a0un soul\u00e8vement populaire patriotique et pacifique\u00a0\u00bb.<\/p>\n<p>C\u2019est ce qui semble avoir retenu l\u2019attention du jury du Prix Fetkann pour ce roman qui d\u00e9fend, d\u2019abord et avant tout, la dignit\u00e9 humaine et vise le renforcement de la coh\u00e9sion sociale.<\/p>\n<p>Le palmar\u00e8s de la 16e\u0300me \u00c9dition du Prix Litt\u00e9raire \u00ab\u00a0Fetkann\u00a0\u00bb sera annonc\u00e9 \u00e0 Paris au mois de novembre 2019 au cours d\u2019une c\u00e9r\u00e9monie qui aura lieu au caf\u00e9 de Flore \u00e0 Saint-Germain-des-Pr\u00e9s.<\/p>\n<p><span class=\"post-views-label\">Post Views:<\/span> <span class=\"post-views-count\">223<\/span><\/p>\n<p><br class=\"c4\"\/><\/p>\n<p>Auteur: Mohand Yahiaoui<br \/>\n<a href=\"https:\/\/www.elwatan.com\/edition\/culture\/la-faille-le-roman-de-mohamed-cherif-lachichi-selectionne-pour-le-prix-litteraire-fetkann-19-10-2019\">Cliquez ici pour lire l&rsquo;article depuis sa source.<\/a><\/p>\n","protected":false},"excerpt":{"rendered":"<p>Photo : DR Le roman \u00ab\u00a0La Faille\u00a0\u00bb du journaliste Alg\u00e9rien, Mohamed-Ch\u00e9rif Lachichi vient d\u2019\u00eatre s\u00e9lectionn\u00e9 pour la 16e\u0300me \u00c9dition du Prix Litt\u00e9raire \u00ab\u00a0Fetkann\u00a0\u00bb dans la cat\u00e9gorie \u00ab\u00a0M\u00e9moire des pays du sud\/M\u00e9moire de l\u2019humanit\u00e9\u00a0\u00bb, a appris elwatan.com aujourd\u2019hui samedi de l\u2019auteur. Ce prix r\u00e9compense, depuis plus de quinze ans, des romans, des essais, des recueils de [&hellip;]<\/p>\n","protected":false},"author":1743,"featured_media":64881,"comment_status":"closed","ping_status":"closed","sticky":false,"template":"","format":"standard","meta":{"fifu_image_url":"","fifu_image_alt":"","footnotes":""},"categories":[73,53],"tags":[],"class_list":["post-64880","post","type-post","status-publish","format-standard","has-post-thumbnail","hentry","category-actualite","category-algerie"],"_links":{"self":[{"href":"https:\/\/linitiative.ca\/International\/wp-json\/wp\/v2\/posts\/64880","targetHints":{"allow":["GET"]}}],"collection":[{"href":"https:\/\/linitiative.ca\/International\/wp-json\/wp\/v2\/posts"}],"about":[{"href":"https:\/\/linitiative.ca\/International\/wp-json\/wp\/v2\/types\/post"}],"author":[{"embeddable":true,"href":"https:\/\/linitiative.ca\/International\/wp-json\/wp\/v2\/users\/1743"}],"replies":[{"embeddable":true,"href":"https:\/\/linitiative.ca\/International\/wp-json\/wp\/v2\/comments?post=64880"}],"version-history":[{"count":0,"href":"https:\/\/linitiative.ca\/International\/wp-json\/wp\/v2\/posts\/64880\/revisions"}],"wp:featuredmedia":[{"embeddable":true,"href":"https:\/\/linitiative.ca\/International\/wp-json\/"}],"wp:attachment":[{"href":"https:\/\/linitiative.ca\/International\/wp-json\/wp\/v2\/media?parent=64880"}],"wp:term":[{"taxonomy":"category","embeddable":true,"href":"https:\/\/linitiative.ca\/International\/wp-json\/wp\/v2\/categories?post=64880"},{"taxonomy":"post_tag","embeddable":true,"href":"https:\/\/linitiative.ca\/International\/wp-json\/wp\/v2\/tags?post=64880"}],"curies":[{"name":"wp","href":"https:\/\/api.w.org\/{rel}","templated":true}]}}