{"id":64896,"date":"2019-10-19T05:00:22","date_gmt":"2019-10-19T09:00:22","guid":{"rendered":"https:\/\/linitiative.ca\/International\/plf2020-la-promotion-de-linvestissement-et-lappuie-a-lentreprise-priorises\/"},"modified":"2019-10-19T05:00:22","modified_gmt":"2019-10-19T09:00:22","slug":"plf2020-la-promotion-de-linvestissement-et-lappuie-a-lentreprise-priorises","status":"publish","type":"post","link":"https:\/\/linitiative.ca\/International\/plf2020-la-promotion-de-linvestissement-et-lappuie-a-lentreprise-priorises\/","title":{"rendered":"PLF2020 : La promotion de  l\u2019investissement et l\u2019appuie \u00e0 l\u2019entreprise prioris\u00e9s"},"content":{"rendered":"<p><strong>Dans le projet de loi de finances (PLF2020), le gouvernement a donn\u00e9 la priorit\u00e9 \u00e0 la promotion de l\u2019investissement et \u00e0 l\u2019appuie de l\u2019entreprise dans le but de relever le rythme de la croissance \u00e9conomique, seul garant de la cr\u00e9ation de la richesse et d\u2019emploi.\u00a0<\/strong><\/p>\n<div class=\"c10\"\/>\n<p>Dynamiser la croissance en maintenant l\u2019effort de soutien \u00e0 l\u2019investissement public \u00e0 travers la poursuite des grands chantiers d\u2019infrastructure et des strat\u00e9gies sectorielles, tel est l\u2019objectif du gouvernement,\u00a0indique la note de pr\u00e9sentation du <strong>PLF2020<\/strong>, publi\u00e9e sur le site du minist\u00e8re de l\u2019Economie, des finances et de la r\u00e9forme de l\u2019administration.\u00a0<\/p>\n<p>En outre, poursuit la m\u00eame source, l\u2019Ex\u00e9cutif veillera \u00e0 la promotion de l\u2019investissement priv\u00e9 national et \u00e9tranger via la mise en \u0153uvre des mesures relatives \u00e0 l\u2019am\u00e9lioration du climat des affaires et l\u2019appui aux tr\u00e8s petites, petites et moyennes entreprises (TPME), le soutien aux entreprises exportatrices et le renforcement de leur comp\u00e9titivit\u00e9.\u00a0<\/p>\n<p>Dans ce cadre, le gouvernement ambitionne de mettre en place un \u00ab\u00a0<strong>Small Business Act<\/strong>\u00a0\u00bb dans l\u2019objectif d\u2019am\u00e9liorer l\u2019efficacit\u00e9 des diff\u00e9rents instruments et m\u00e9canismes de soutien aux start-up et aux TPME.\u00a0<\/p>\n<p>Lire aussi : <a href=\"https:\/\/www.challenge.ma\/plf-2020-la-derniere-transition-fiscale-120537\/\">PLF 2020 : de nouvelles indiscr\u00e9tions<\/a><\/p>\n<p>De surcro\u00eet, en plus de la poursuite de la mise en \u0153uvre de la r\u00e9forme des centres r\u00e9gionaux d\u2019investissement (CRI), le projet de la loi-cadre portant r\u00e9forme de la charte d\u2019investissement est en cours de finalisation par le gouvernement.\u00a0<\/p>\n<p>Par ailleurs, l\u2019Ex\u00e9cutif veillera \u00e0 poursuivre les grandes r\u00e9formes institutionnelles et structurelles initi\u00e9es au cours des derni\u00e8res ann\u00e9es. Ainsi, l\u2019accent sera mis sur l\u2019acc\u00e9l\u00e9ration de la r\u00e9gionalisation avanc\u00e9e et l\u2019instauration du syst\u00e8me de contractualisation avec les R\u00e9gions et sur la mise en oeuvre de la d\u00e9concentration administrative et ce, en vue d\u2019instaurer un mod\u00e8le de d\u00e9veloppement socio-\u00e9conomique territorial inclusif et durable.<\/p>\n<p>Le gouvernement poursuivra, \u00e9galement, la mise en oeuvre d\u2019autres r\u00e9formes structurelles. Il s\u2019agit, notamment, de la modernisation de l\u2019Administration publique, de la r\u00e9forme de la justice, de la r\u00e9forme du syst\u00e8me de retraite et de la r\u00e9forme fiscale. En outre, le gouvernement s\u2019att\u00e8lera \u00e0 la poursuite de la mise en oeuvre des dispositions de la loi organique relative \u00e0 la loi de finances, de la nouvelle approche de gestion des investissements publics et de la nouvelle vision relative \u00e0 la restructuration du secteur des \u00e9tablissements et entreprises publics (EPP).<\/p>\n<p>Au <strong>volet macro\u00e9conomique<\/strong>, certes des progr\u00e8s notables ont \u00e9t\u00e9 r\u00e9alis\u00e9s pour r\u00e9duire le creusement du d\u00e9ficit budg\u00e9taire enregistr\u00e9 depuis l\u2019ann\u00e9e 2012, en passant de 7,2% \u00e0 3,7% en 2018, en am\u00e9lioration de 3,5 points, mais la persistance de certains risques interpelle le gouvernement \u00e0 maintenir l\u2019effort pour consolider les acquis en mati\u00e8re de rationalisation des d\u00e9penses et d\u2019optimisation des recettes publiques, en vue d\u2019assurer la soutenabilit\u00e9 budg\u00e9taire \u00e0 moyen terme et l\u2019am\u00e9lioration de l\u2019efficacit\u00e9 des investissements publics.\u00a0<\/p>\n<div class=\"c17\">\n<fieldset class=\"c16\">\n<legend><strong><span class=\"c11\">Challenge<\/span><span class=\"c12\">news<\/span><\/strong><\/legend>\n<div class=\"c15\">Le meilleur de la r\u00e9daction s\u00e9lectionn\u00e9 par Challenge :<\/p>\n<\/div>\n<\/fieldset>\n<\/div>\n<p>Auteur: Hassan Manyani<br \/>\n<a href=\"https:\/\/www.challenge.ma\/plf2020-la-promotion-de-linvestissement-et-lappuie-a-lentreprise-priorises-120729\/\">Cliquez ici pour lire l&rsquo;article depuis sa source.<\/a><\/p>\n","protected":false},"excerpt":{"rendered":"<p>Dans le projet de loi de finances (PLF2020), le gouvernement a donn\u00e9 la priorit\u00e9 \u00e0 la promotion de l\u2019investissement et \u00e0 l\u2019appuie de l\u2019entreprise dans le but de relever le rythme de la croissance \u00e9conomique, seul garant de la cr\u00e9ation de la richesse et d\u2019emploi.\u00a0 Dynamiser la croissance en maintenant l\u2019effort de soutien \u00e0 l\u2019investissement [&hellip;]<\/p>\n","protected":false},"author":1787,"featured_media":0,"comment_status":"closed","ping_status":"closed","sticky":false,"template":"","format":"standard","meta":{"fifu_image_url":"","fifu_image_alt":"","footnotes":""},"categories":[78,54],"tags":[],"class_list":["post-64896","post","type-post","status-publish","format-standard","hentry","category-economie","category-maroc"],"_links":{"self":[{"href":"https:\/\/linitiative.ca\/International\/wp-json\/wp\/v2\/posts\/64896","targetHints":{"allow":["GET"]}}],"collection":[{"href":"https:\/\/linitiative.ca\/International\/wp-json\/wp\/v2\/posts"}],"about":[{"href":"https:\/\/linitiative.ca\/International\/wp-json\/wp\/v2\/types\/post"}],"author":[{"embeddable":true,"href":"https:\/\/linitiative.ca\/International\/wp-json\/wp\/v2\/users\/1787"}],"replies":[{"embeddable":true,"href":"https:\/\/linitiative.ca\/International\/wp-json\/wp\/v2\/comments?post=64896"}],"version-history":[{"count":0,"href":"https:\/\/linitiative.ca\/International\/wp-json\/wp\/v2\/posts\/64896\/revisions"}],"wp:attachment":[{"href":"https:\/\/linitiative.ca\/International\/wp-json\/wp\/v2\/media?parent=64896"}],"wp:term":[{"taxonomy":"category","embeddable":true,"href":"https:\/\/linitiative.ca\/International\/wp-json\/wp\/v2\/categories?post=64896"},{"taxonomy":"post_tag","embeddable":true,"href":"https:\/\/linitiative.ca\/International\/wp-json\/wp\/v2\/tags?post=64896"}],"curies":[{"name":"wp","href":"https:\/\/api.w.org\/{rel}","templated":true}]}}