{"id":64897,"date":"2019-10-19T05:00:34","date_gmt":"2019-10-19T09:00:34","guid":{"rendered":"https:\/\/linitiative.ca\/International\/bmw-golf-cup-smeia-celebre-les-heureux-gagnants\/"},"modified":"2019-10-19T05:00:34","modified_gmt":"2019-10-19T09:00:34","slug":"bmw-golf-cup-smeia-celebre-les-heureux-gagnants","status":"publish","type":"post","link":"https:\/\/linitiative.ca\/International\/bmw-golf-cup-smeia-celebre-les-heureux-gagnants\/","title":{"rendered":"BMW Golf Cup : Smeia c\u00e9l\u00e8bre les heureux gagnants"},"content":{"rendered":"<p><strong>Les phases qualificatives relatives au BMW Golf Cup International concoct\u00e9es par Smeia ont rendu leur verdict le dimanche 13 octobre dernier.<\/strong><\/p>\n<div class=\"c10\"\/>\n<p>L\u2019occasion au cours d\u2019une soir\u00e9e festive remarqu\u00e9e dans l\u2019antre du Golf Royal de Casablanca d\u2019honorer les trois vainqueurs nationaux. Ils prendront part \u00e0 la finale mondiale qui se d\u00e9roulera en Afrique du Sud du 2 au 7 mars 2020. Ce f\u00fbt \u00e9galement l\u2019occasion d\u2019admirer la nouvelle BMW S\u00e9rie 1, l\u2019une des stars incontest\u00e9e de cette soir\u00e9e.<\/p>\n<div class=\"c17\">\n<fieldset class=\"c16\">\n<legend><strong><span class=\"c11\">Challenge<\/span><span class=\"c12\">news<\/span><\/strong><\/legend>\n<div class=\"c15\">Le meilleur de la r\u00e9daction s\u00e9lectionn\u00e9 par Challenge :<\/p>\n<\/div>\n<\/fieldset>\n<\/div>\n<p>Auteur: challenge<br \/>\n<a href=\"https:\/\/www.challenge.ma\/bmw-golf-cup-smeia-celebre-les-heureux-gagnants-120594\/\">Cliquez ici pour lire l&rsquo;article depuis sa source.<\/a><\/p>\n","protected":false},"excerpt":{"rendered":"<p>Les phases qualificatives relatives au BMW Golf Cup International concoct\u00e9es par Smeia ont rendu leur verdict le dimanche 13 octobre dernier. L\u2019occasion au cours d\u2019une soir\u00e9e festive remarqu\u00e9e dans l\u2019antre du Golf Royal de Casablanca d\u2019honorer les trois vainqueurs nationaux. Ils prendront part \u00e0 la finale mondiale qui se d\u00e9roulera en Afrique du Sud du [&hellip;]<\/p>\n","protected":false},"author":1787,"featured_media":0,"comment_status":"closed","ping_status":"closed","sticky":false,"template":"","format":"standard","meta":{"fifu_image_url":"","fifu_image_alt":"","footnotes":""},"categories":[78,54],"tags":[],"class_list":["post-64897","post","type-post","status-publish","format-standard","hentry","category-economie","category-maroc"],"_links":{"self":[{"href":"https:\/\/linitiative.ca\/International\/wp-json\/wp\/v2\/posts\/64897","targetHints":{"allow":["GET"]}}],"collection":[{"href":"https:\/\/linitiative.ca\/International\/wp-json\/wp\/v2\/posts"}],"about":[{"href":"https:\/\/linitiative.ca\/International\/wp-json\/wp\/v2\/types\/post"}],"author":[{"embeddable":true,"href":"https:\/\/linitiative.ca\/International\/wp-json\/wp\/v2\/users\/1787"}],"replies":[{"embeddable":true,"href":"https:\/\/linitiative.ca\/International\/wp-json\/wp\/v2\/comments?post=64897"}],"version-history":[{"count":0,"href":"https:\/\/linitiative.ca\/International\/wp-json\/wp\/v2\/posts\/64897\/revisions"}],"wp:attachment":[{"href":"https:\/\/linitiative.ca\/International\/wp-json\/wp\/v2\/media?parent=64897"}],"wp:term":[{"taxonomy":"category","embeddable":true,"href":"https:\/\/linitiative.ca\/International\/wp-json\/wp\/v2\/categories?post=64897"},{"taxonomy":"post_tag","embeddable":true,"href":"https:\/\/linitiative.ca\/International\/wp-json\/wp\/v2\/tags?post=64897"}],"curies":[{"name":"wp","href":"https:\/\/api.w.org\/{rel}","templated":true}]}}