{"id":64899,"date":"2019-10-19T12:21:38","date_gmt":"2019-10-19T16:21:38","guid":{"rendered":"https:\/\/linitiative.ca\/International\/tunisie-audio-ben-salem-menace-de-prendre-des-mesures-a-lencontre-des-enseignants-qui-refusent-de-prendre-leurs-fonctions\/"},"modified":"2019-10-19T12:21:38","modified_gmt":"2019-10-19T16:21:38","slug":"tunisie-audio-ben-salem-menace-de-prendre-des-mesures-a-lencontre-des-enseignants-qui-refusent-de-prendre-leurs-fonctions","status":"publish","type":"post","link":"https:\/\/linitiative.ca\/International\/tunisie-audio-ben-salem-menace-de-prendre-des-mesures-a-lencontre-des-enseignants-qui-refusent-de-prendre-leurs-fonctions\/","title":{"rendered":"Tunisie \u2013 AUDIO\u00a0: Ben Salem menace de prendre des mesures \u00e0 l\u2019encontre des enseignants qui refusent de prendre leurs fonctions"},"content":{"rendered":"<div class=\"post-cont-in left relative\">\n<div class=\"swp_social_panel swp_horizontal_panel swp_flat_fresh swp_default_full_color swp_individual_full_color swp_other_full_color scale-100 scale-\" data-min-width=\"1100\" data-float-color=\"#ffffff\" data-float=\"none\" data-float-mobile=\"none\" data-transition=\"slide\">\n<div class=\"nc_tweetContainer swp_share_button total_shares total_sharesalt\"><span class=\"swp_count\">11 <span class=\"swp_label\">Partages<\/span><\/span><\/div>\n<\/div>\n<p>Le ministre de l\u2019Education, Hatem Ben Salem a assur\u00e9, ce samedi, que le minist\u00e8re allait prendre les mesures disciplinaires qu\u2019il faut \u00e0 l\u2019encontre des enseignants int\u00e9rimaires qui ont refus\u00e9 de prendre leurs fonctions aux postes\u00a0o\u00f9 ils ont \u00e9t\u00e9 d\u00e9sign\u00e9s.<\/p>\n<p>Sur un autre plan, Ben Salem a ajout\u00e9 que le minist\u00e8re de l\u2019Education b\u00e9n\u00e9ficiera, conform\u00e9ment \u00e0 la loi de finances 2020, du plus grand nombre de recrutements, pour pallier au manque d\u2019enseignants.<\/p>\n<div class=\"code-block code-block-1 c3\"><ins class=\"adsbygoogle c2\" data-ad-layout=\"in-article\" data-ad-format=\"fluid\" data-ad-client=\"ca-pub-2102118777505746\" data-ad-slot=\"7301775417\"\/> <\/div>\n<p><a href=\"https:\/\/www.tunisienumerique.com\/wp-content\/uploads\/2019\/10\/hatem-ben-salem.mp3\">https:\/\/www.tunisienumerique.com\/wp-content\/uploads\/2019\/10\/hatem-ben-salem.mp3<\/a><\/p>\n<p><strong>Que se passe-t-il en Tunisie?<\/strong><br \/>Nous expliquons sur notre <a href=\"https:\/\/www.youtube.com\/channel\/UCRzypVq0B_yBad5eGrwBx0Q?sub_confirmation=1\" target=\"_blank\" rel=\"noopener noreferrer\">cha\u00eene YouTube<\/a> . <a href=\"https:\/\/www.youtube.com\/channel\/UCRzypVq0B_yBad5eGrwBx0Q?sub_confirmation=1\" target=\"_blank\" rel=\"noopener noreferrer\">Abonnez-vous!<\/a><\/p>\n<div class=\"mvp-org-wrap mvp-org-logo\" itemprop=\"publisher\" itemscope=\"\" itemtype=\"https:\/\/schema.org\/Organization\"><img decoding=\"async\" src=\"https:\/\/www.tunisienumerique.com\/wp-content\/uploads\/2017\/02\/logo_tunisie_numerique.png\"\/><\/div>\n<div class=\"swp_social_panel swp_horizontal_panel swp_flat_fresh swp_default_full_color swp_individual_full_color swp_other_full_color scale-100 scale-\" data-min-width=\"1100\" data-float-color=\"#ffffff\" data-float=\"none\" data-float-mobile=\"none\" data-transition=\"slide\">\n<div class=\"nc_tweetContainer swp_share_button total_shares total_sharesalt\"><span class=\"swp_count\">11 <span class=\"swp_label\">Partages<\/span><\/span><\/div>\n<\/div>\n<div class=\"mvp-related-posts left relative\">\n<h4 class=\"post-header\"><span class=\"post-header\">Lire aussi<\/span><\/h4>\n<\/div>\n<\/div>\n<p>Auteur: LM<br \/>\n<a href=\"https:\/\/www.tunisienumerique.com\/tunisie-audio-ben-salem-menace-de-prendre-des-mesures-a-lencontre-des-enseignants-qui-refusent-de-prendre-leurs-fonctions\/\">Cliquez ici pour lire l&rsquo;article depuis sa source.<\/a><\/p>\n","protected":false},"excerpt":{"rendered":"<p>11 Partages Le ministre de l\u2019Education, Hatem Ben Salem a assur\u00e9, ce samedi, que le minist\u00e8re allait prendre les mesures disciplinaires qu\u2019il faut \u00e0 l\u2019encontre des enseignants int\u00e9rimaires qui ont refus\u00e9 de prendre leurs fonctions aux postes\u00a0o\u00f9 ils ont \u00e9t\u00e9 d\u00e9sign\u00e9s. Sur un autre plan, Ben Salem a ajout\u00e9 que le minist\u00e8re de l\u2019Education b\u00e9n\u00e9ficiera, [&hellip;]<\/p>\n","protected":false},"author":1789,"featured_media":64900,"comment_status":"closed","ping_status":"closed","sticky":false,"template":"","format":"standard","meta":{"fifu_image_url":"","fifu_image_alt":"","footnotes":""},"categories":[73,55],"tags":[],"class_list":["post-64899","post","type-post","status-publish","format-standard","has-post-thumbnail","hentry","category-actualite","category-tunisie"],"_links":{"self":[{"href":"https:\/\/linitiative.ca\/International\/wp-json\/wp\/v2\/posts\/64899","targetHints":{"allow":["GET"]}}],"collection":[{"href":"https:\/\/linitiative.ca\/International\/wp-json\/wp\/v2\/posts"}],"about":[{"href":"https:\/\/linitiative.ca\/International\/wp-json\/wp\/v2\/types\/post"}],"author":[{"embeddable":true,"href":"https:\/\/linitiative.ca\/International\/wp-json\/wp\/v2\/users\/1789"}],"replies":[{"embeddable":true,"href":"https:\/\/linitiative.ca\/International\/wp-json\/wp\/v2\/comments?post=64899"}],"version-history":[{"count":0,"href":"https:\/\/linitiative.ca\/International\/wp-json\/wp\/v2\/posts\/64899\/revisions"}],"wp:featuredmedia":[{"embeddable":true,"href":"https:\/\/linitiative.ca\/International\/wp-json\/"}],"wp:attachment":[{"href":"https:\/\/linitiative.ca\/International\/wp-json\/wp\/v2\/media?parent=64899"}],"wp:term":[{"taxonomy":"category","embeddable":true,"href":"https:\/\/linitiative.ca\/International\/wp-json\/wp\/v2\/categories?post=64899"},{"taxonomy":"post_tag","embeddable":true,"href":"https:\/\/linitiative.ca\/International\/wp-json\/wp\/v2\/tags?post=64899"}],"curies":[{"name":"wp","href":"https:\/\/api.w.org\/{rel}","templated":true}]}}