{"id":64901,"date":"2019-10-19T12:35:58","date_gmt":"2019-10-19T16:35:58","guid":{"rendered":"https:\/\/linitiative.ca\/International\/tunisie-rached-ghannouchi-presidera-la-seance-inaugurale-de-la-nouvelle-arp\/"},"modified":"2019-10-19T12:35:58","modified_gmt":"2019-10-19T16:35:58","slug":"tunisie-rached-ghannouchi-presidera-la-seance-inaugurale-de-la-nouvelle-arp","status":"publish","type":"post","link":"https:\/\/linitiative.ca\/International\/tunisie-rached-ghannouchi-presidera-la-seance-inaugurale-de-la-nouvelle-arp\/","title":{"rendered":"Tunisie \u2013 Rached Ghannouchi pr\u00e9sidera la s\u00e9ance inaugurale de la nouvelle ARP"},"content":{"rendered":"<div class=\"post-cont-in left relative\">\n<div class=\"swp_social_panel swp_horizontal_panel swp_flat_fresh swp_default_full_color swp_individual_full_color swp_other_full_color scale-100 scale-\" data-min-width=\"1100\" data-float-color=\"#ffffff\" data-float=\"none\" data-float-mobile=\"none\" data-transition=\"slide\">\n<div class=\"nc_tweetContainer swp_share_button total_shares total_sharesalt\"><span class=\"swp_count\">54 <span class=\"swp_label\">Partages<\/span><\/span><\/div>\n<\/div>\n<p>Le charg\u00e9 de la communication au sein de l\u2019ARP, Hassene Fathalli a annonc\u00e9 que le pr\u00e9sident sortant de l\u2019ARP est charg\u00e9 d\u2019adresser des convocations aux nouveaux repr\u00e9sentants du peuple, qui doivent tenir leur r\u00e9union inaugurale, dans les deux semaines suivant la d\u00e9claration des r\u00e9sultats d\u00e9finitifs des \u00e9lections l\u00e9gislatives.<\/p>\n<p>Le pr\u00e9sident sortant pr\u00e9sidera une s\u00e9ance pr\u00e9paratoire, avant de passer la pr\u00e9sidence de la s\u00e9ance au plus \u00e2g\u00e9 des \u00e9lus, qui est selon les r\u00e9sultats des \u00e9lections, Rached Ghannouchi \u00e2g\u00e9 de 78 ans et qui sera second\u00e9 par le plus jeune des d\u00e9put\u00e9s hommes soit, Abdelhamid Marzouki, du parti 9alb Tounes, \u00e2g\u00e9 de 24 ans, et la plus jeune des d\u00e9put\u00e9es femmes en l\u2019occurrence, Mariem Ben Belgacem, 27 ans, du bloc Ennahdha.<\/p>\n<div class=\"code-block code-block-1 c3\"><ins class=\"adsbygoogle c2\" data-ad-layout=\"in-article\" data-ad-format=\"fluid\" data-ad-client=\"ca-pub-2102118777505746\" data-ad-slot=\"7301775417\"\/> <\/div>\n<p>Les d\u00e9put\u00e9s passeront, ensuite \u00e0 la prestation du serment, puis \u00e0 l\u2019\u00e9lection du pr\u00e9sident de l\u2019ARP et de ses deux adjoints.<\/p>\n<p><strong>Que se passe-t-il en Tunisie?<\/strong><br \/>Nous expliquons sur notre <a href=\"https:\/\/www.youtube.com\/channel\/UCRzypVq0B_yBad5eGrwBx0Q?sub_confirmation=1\" target=\"_blank\" rel=\"noopener noreferrer\">cha\u00eene YouTube<\/a> . <a href=\"https:\/\/www.youtube.com\/channel\/UCRzypVq0B_yBad5eGrwBx0Q?sub_confirmation=1\" target=\"_blank\" rel=\"noopener noreferrer\">Abonnez-vous!<\/a><\/p>\n<div class=\"mvp-org-wrap mvp-org-logo\" itemprop=\"publisher\" itemscope=\"\" itemtype=\"https:\/\/schema.org\/Organization\"><img decoding=\"async\" src=\"https:\/\/www.tunisienumerique.com\/wp-content\/uploads\/2017\/02\/logo_tunisie_numerique.png\"\/><\/div>\n<div class=\"swp_social_panel swp_horizontal_panel swp_flat_fresh swp_default_full_color swp_individual_full_color swp_other_full_color scale-100 scale-\" data-min-width=\"1100\" data-float-color=\"#ffffff\" data-float=\"none\" data-float-mobile=\"none\" data-transition=\"slide\">\n<div class=\"nc_tweetContainer swp_share_button total_shares total_sharesalt\"><span class=\"swp_count\">54 <span class=\"swp_label\">Partages<\/span><\/span><\/div>\n<\/div>\n<div class=\"mvp-related-posts left relative\">\n<h4 class=\"post-header\"><span class=\"post-header\">Lire aussi<\/span><\/h4>\n<\/div>\n<\/div>\n<p>Auteur: LM<br \/>\n<a href=\"https:\/\/www.tunisienumerique.com\/tunisie-rached-ghannouchi-presidera-la-seance-inaugurale-de-la-nouvelle-arp\/\">Cliquez ici pour lire l&rsquo;article depuis sa source.<\/a><\/p>\n","protected":false},"excerpt":{"rendered":"<p>54 Partages Le charg\u00e9 de la communication au sein de l\u2019ARP, Hassene Fathalli a annonc\u00e9 que le pr\u00e9sident sortant de l\u2019ARP est charg\u00e9 d\u2019adresser des convocations aux nouveaux repr\u00e9sentants du peuple, qui doivent tenir leur r\u00e9union inaugurale, dans les deux semaines suivant la d\u00e9claration des r\u00e9sultats d\u00e9finitifs des \u00e9lections l\u00e9gislatives. Le pr\u00e9sident sortant pr\u00e9sidera une [&hellip;]<\/p>\n","protected":false},"author":1789,"featured_media":64902,"comment_status":"closed","ping_status":"closed","sticky":false,"template":"","format":"standard","meta":{"fifu_image_url":"","fifu_image_alt":"","footnotes":""},"categories":[73,55],"tags":[],"class_list":["post-64901","post","type-post","status-publish","format-standard","has-post-thumbnail","hentry","category-actualite","category-tunisie"],"_links":{"self":[{"href":"https:\/\/linitiative.ca\/International\/wp-json\/wp\/v2\/posts\/64901","targetHints":{"allow":["GET"]}}],"collection":[{"href":"https:\/\/linitiative.ca\/International\/wp-json\/wp\/v2\/posts"}],"about":[{"href":"https:\/\/linitiative.ca\/International\/wp-json\/wp\/v2\/types\/post"}],"author":[{"embeddable":true,"href":"https:\/\/linitiative.ca\/International\/wp-json\/wp\/v2\/users\/1789"}],"replies":[{"embeddable":true,"href":"https:\/\/linitiative.ca\/International\/wp-json\/wp\/v2\/comments?post=64901"}],"version-history":[{"count":0,"href":"https:\/\/linitiative.ca\/International\/wp-json\/wp\/v2\/posts\/64901\/revisions"}],"wp:featuredmedia":[{"embeddable":true,"href":"https:\/\/linitiative.ca\/International\/wp-json\/"}],"wp:attachment":[{"href":"https:\/\/linitiative.ca\/International\/wp-json\/wp\/v2\/media?parent=64901"}],"wp:term":[{"taxonomy":"category","embeddable":true,"href":"https:\/\/linitiative.ca\/International\/wp-json\/wp\/v2\/categories?post=64901"},{"taxonomy":"post_tag","embeddable":true,"href":"https:\/\/linitiative.ca\/International\/wp-json\/wp\/v2\/tags?post=64901"}],"curies":[{"name":"wp","href":"https:\/\/api.w.org\/{rel}","templated":true}]}}