{"id":64909,"date":"2019-10-19T14:50:03","date_gmt":"2019-10-19T18:50:03","guid":{"rendered":"https:\/\/linitiative.ca\/International\/la-loi-qui-oblige-boris-johnson-a-demander-un-report-du-brexit\/"},"modified":"2019-10-19T14:50:03","modified_gmt":"2019-10-19T18:50:03","slug":"la-loi-qui-oblige-boris-johnson-a-demander-un-report-du-brexit","status":"publish","type":"post","link":"https:\/\/linitiative.ca\/International\/la-loi-qui-oblige-boris-johnson-a-demander-un-report-du-brexit\/","title":{"rendered":"La loi qui oblige Boris Johnson \u00e0 demander un report du Brexit"},"content":{"rendered":"<div readability=\"32\">\n<p>Publi\u00e9 le 19.10.2019 \u00e0 19h50 par AFP<\/p>\n<\/div>\n<div readability=\"111\">\n<p>Le Premier ministre britannique Boris Johnson est contraint de demander un report du Brexit \u00e0 l\u2019Union europ\u00e9enne, les d\u00e9put\u00e9s ayant repouss\u00e9 leur vote sur son nouvel accord de Brexit.<\/p>\n<p>La loi qui l\u2019y force a \u00e9t\u00e9 baptis\u00e9e le \u00ab\u00a0Benn Act\u00a0\u00bb, du nom du d\u00e9put\u00e9 travailliste Hillary Benn (opposition) qui l\u2019avait pr\u00e9sent\u00e9e \u00e0 la Chambre des Communes.<\/p>\n<p>Selon cette loi, Boris Johnson doit \u00e9crire une lettre samedi soir au pr\u00e9sident du Conseil europ\u00e9en Donald Tusk pour formellement demander \u00e0 Bruxelles un nouveau d\u00e9lai du Brexit, d\u00e9j\u00e0 deux fois ajourn\u00e9.<\/p>\n<p>Le chef du gouvernement avait pourtant d\u00e9clar\u00e9 pr\u00e9f\u00e9rer \u00ab\u00a0\u00eatre mort au fond d\u2019un foss\u00e9\u00a0\u00bb plut\u00f4t que de demander un report.<\/p>\n<p>Voici les principaux points de ce texte, d\u00e9nonc\u00e9 par Boris Johnson comme une \u00ab\u00a0loi de capitulation\u00a0\u00bb du Parlement britannique vis-\u00e0-vis de l\u2019UE.<\/p>\n<p>\u2013 19 octobre : date butoir \u2013<\/p>\n<p>La loi stipule que si aucun accord de sortie n\u2019est approuv\u00e9 par le Parlement britannique d\u2019ici au 19 octobre, le Premier ministre doit r\u00e9clamer un report du Brexit, pr\u00e9vu le 31 octobre, au 31 janvier 2020.<\/p>\n<p>\u00ab\u00a0Le but de cette loi est de garantir que le Royaume-Uni ne sorte pas de l\u2019Union europ\u00e9enne sans accord\u00a0\u00bb, avait expliqu\u00e9 Hillary Benn.<\/p>\n<p>Boris Johnson esp\u00e9rait y \u00e9chapper en faisant approuver samedi son nouvel accord de retrait de l\u2019UE, qu\u2019il a arrach\u00e9 contre toute attente cette semaine \u00e0 Bruxelles.<\/p>\n<p>Mais les d\u00e9put\u00e9s ont vot\u00e9 un amendement leur permettant de repousser leur vote sur cet accord: ils pr\u00e9f\u00e8rent en effet se prononcer seulement apr\u00e8s l\u2019adoption de toutes ses lois d\u2019application.<\/p>\n<p>Faute d\u2019accord approuv\u00e9 aux Communes samedi, 19 octobre, le Benn Act est donc d\u00e9clench\u00e9.<\/p>\n<p>\u2013 Lettre au Conseil europ\u00e9en \u2013<\/p>\n<p>La l\u00e9gislation pr\u00e9voit un mod\u00e8le pour la lettre que Boris Johnson est tenu d\u2019\u00e9crire \u00e0 Donald Tusk d\u2019ici minuit samedi (23H00 GMT).<\/p>\n<p>\u00ab\u00a0Le Royaume-Uni demande un nouveau d\u00e9lai\u00a0\u00bb, est-il \u00e9crit dans ce brouillon. Le texte pr\u00e9cise que ce report, pr\u00e9vu au 31 janvier, pourrait \u00eatre \u00e9court\u00e9 si un accord \u00e9tait ratifi\u00e9 avant.<\/p>\n<p>Mais le Premier ministre a fait savoir samedi qu\u2019il ne \u00ab\u00a0n\u00e9gocierait pas\u00a0\u00bb de report avec l\u2019UE, sans pr\u00e9ciser davantage.<\/p>\n<p>\u2013 Dur\u00e9e du d\u00e9lai \u2013<\/p>\n<p>Si le Premier ministre demande bien un d\u00e9lai, les 27 autres membres de l\u2019UE doivent encore l\u2019approuver \u00e0 l\u2019unanimit\u00e9 pour qu\u2019il soit effectif. Les 27 peuvent aussi proposer une extension d\u2019une dur\u00e9e diff\u00e9rente.<\/p>\n<p>Dans ce cas, le Premier ministre aura deux jours pour accepter leur offre. Mais en r\u00e9alit\u00e9, Boris Johnson n\u2019a pas vraiment son mot \u00e0 dire : il ne pourrait refuser la proposition de l\u2019UE que si le Parlement votait contre.<\/p>\n<p>\u2013 Report au-del\u00e0 de janvier ? \u2013<\/p>\n<p>S\u2019il n\u2019y a toujours pas d\u2019accord approuv\u00e9 par la Chambre des Communes d\u2019ici le 31 janvier, le Benn Act dispose que le Brexit devra \u00eatre repouss\u00e9 de nouveau.<\/p>\n<p>Boris Johnson a averti que cette loi pourrait avoir pour effet de \u00ab\u00a0potentiellement\u00a0\u00bb retarder le Brexit \u00ab\u00a0pendant des ann\u00e9es\u00a0\u00bb.<\/p>\n<\/div>\n<p>Auteur: AFP<br \/>\n<a href=\"https:\/\/www.journalducameroun.com\/la-loi-qui-oblige-boris-johnson-a-demander-un-report-du-brexit\/\">Cliquez ici pour lire l&rsquo;article depuis sa source.<\/a><\/p>\n","protected":false},"excerpt":{"rendered":"<p>Publi\u00e9 le 19.10.2019 \u00e0 19h50 par AFP Le Premier ministre britannique Boris Johnson est contraint de demander un report du Brexit \u00e0 l\u2019Union europ\u00e9enne, les d\u00e9put\u00e9s ayant repouss\u00e9 leur vote sur son nouvel accord de Brexit. La loi qui l\u2019y force a \u00e9t\u00e9 baptis\u00e9e le \u00ab\u00a0Benn Act\u00a0\u00bb, du nom du d\u00e9put\u00e9 travailliste Hillary Benn (opposition) [&hellip;]<\/p>\n","protected":false},"author":1965,"featured_media":0,"comment_status":"closed","ping_status":"closed","sticky":false,"template":"","format":"standard","meta":{"fifu_image_url":"","fifu_image_alt":"","footnotes":""},"categories":[73,82],"tags":[],"class_list":["post-64909","post","type-post","status-publish","format-standard","hentry","category-actualite","category-cameroun"],"_links":{"self":[{"href":"https:\/\/linitiative.ca\/International\/wp-json\/wp\/v2\/posts\/64909","targetHints":{"allow":["GET"]}}],"collection":[{"href":"https:\/\/linitiative.ca\/International\/wp-json\/wp\/v2\/posts"}],"about":[{"href":"https:\/\/linitiative.ca\/International\/wp-json\/wp\/v2\/types\/post"}],"author":[{"embeddable":true,"href":"https:\/\/linitiative.ca\/International\/wp-json\/wp\/v2\/users\/1965"}],"replies":[{"embeddable":true,"href":"https:\/\/linitiative.ca\/International\/wp-json\/wp\/v2\/comments?post=64909"}],"version-history":[{"count":0,"href":"https:\/\/linitiative.ca\/International\/wp-json\/wp\/v2\/posts\/64909\/revisions"}],"wp:attachment":[{"href":"https:\/\/linitiative.ca\/International\/wp-json\/wp\/v2\/media?parent=64909"}],"wp:term":[{"taxonomy":"category","embeddable":true,"href":"https:\/\/linitiative.ca\/International\/wp-json\/wp\/v2\/categories?post=64909"},{"taxonomy":"post_tag","embeddable":true,"href":"https:\/\/linitiative.ca\/International\/wp-json\/wp\/v2\/tags?post=64909"}],"curies":[{"name":"wp","href":"https:\/\/api.w.org\/{rel}","templated":true}]}}