{"id":64910,"date":"2019-10-19T14:50:06","date_gmt":"2019-10-19T18:50:06","guid":{"rendered":"https:\/\/linitiative.ca\/International\/cote-divoire-le-pdci-sonne-la-mobilisation-a-un-an-de-la-presidentielle\/"},"modified":"2019-10-19T14:50:06","modified_gmt":"2019-10-19T18:50:06","slug":"cote-divoire-le-pdci-sonne-la-mobilisation-a-un-an-de-la-presidentielle","status":"publish","type":"post","link":"https:\/\/linitiative.ca\/International\/cote-divoire-le-pdci-sonne-la-mobilisation-a-un-an-de-la-presidentielle\/","title":{"rendered":"C\u00f4te d\u2019Ivoire : le PDCI sonne la mobilisation \u00e0 un an de la pr\u00e9sidentielle"},"content":{"rendered":"<div readability=\"32\">\n<p>Publi\u00e9 le 19.10.2019 \u00e0 19h50 par AFP<\/p>\n<\/div>\n<div readability=\"110\">\n<p>Plusieurs dizaines de milliers de personnes ont assist\u00e9 samedi \u00e0 Yamoussoukro (centre) \u00e0 un meeting politique du Parti d\u00e9mocratique de C\u00f4te d\u2019Ivoire (PDCI), principal mouvement d\u2019opposition, un \u00ab\u00a0tournant d\u00e9cisif\u00a0\u00bb \u00e0 un an de la pr\u00e9sidentielle de 2020.<\/p>\n<p>Venus de tout le pays, les militants du PDCI habill\u00e9s de pagnes aux couleurs du parti, vert et blanc, ont pris d\u2019assaut la place Jean Paul II de Yamoussoukro, ville natale de F\u00e9lix Houphou\u00ebt-Boigny, pr\u00e9sident de la r\u00e9publique de 1960 \u00e0 1993 et fondateur du parti, pour y recevoir \u00ab\u00a0un message de mobilisation\u00a0\u00bb.<\/p>\n<p>\u00ab\u00a0Nous sommes aujourd\u2019hui \u00e0 une phase d\u00e9cisive avant la convention de la d\u00e9signation de notre candidat\u00a0\u00bb, a d\u00e9clar\u00e9 Maurice Kakou Guikahu\u00e9, le num\u00e9ro deux du PDCI.<\/p>\n<p>A sa suite, l\u2019ex-pr\u00e9sident Henri Konan B\u00e9di\u00e9, chef du parti, a appel\u00e9 \u00e0 la \u00ab\u00a0mobilisation pour obtenir une Commission \u00e9lectorale ind\u00e9pendante (CEI) consensuelle et ind\u00e9pendante\u00a0\u00bb qui devra organiser la pr\u00e9sidentielle de 2020.<\/p>\n<p>L\u2019opposition estime que la commission \u00e9lectorale, r\u00e9form\u00e9e en septembre, n\u2019est pas ind\u00e9pendante.<\/p>\n<p>\u00ab\u00a0A l\u2019approche de l\u2019\u00e9lection pr\u00e9sidentielle prochaine, le PDCI et ses alli\u00e9s sont plus que jamais d\u00e9termin\u00e9s pour reprendre les r\u00eanes de ce pays\u00a0\u00bb, a d\u00e9clar\u00e9 M. B\u00e9di\u00e9, sangl\u00e9 dans un pagne blanc et vert et coiff\u00e9 d\u2019un chapeau blanc, qui n\u2019a toujours pas dit s\u2019il se pr\u00e9senterait ou non.<\/p>\n<p>L\u2019ex-chef de l\u2019Etat (1993-1999) a adress\u00e9 des critiques acerbes au r\u00e9gime du pr\u00e9sident Alassane Ouattara, avec lequel il \u00e9tait alli\u00e9 jusqu\u2019en ao\u00fbt 2018.<\/p>\n<p>M. B\u00e9di\u00e9 a fustig\u00e9 des \u00ab\u00a0d\u00e9rives dangereuses et totalitaires qui menacent notre R\u00e9publique\u00a0\u00bb. \u00ab\u00a0Notre R\u00e9publique est menac\u00e9e faute d\u2019une justice impartiale et \u00e9gale pour tous\u00a0\u00bb.<\/p>\n<p>L\u2019autre grand parti d\u2019opposition, le Front populaire ivoirien (FPI), a particip\u00e9 \u00e0 la rencontre qui s\u2019est achev\u00e9e dans le calme.<\/p>\n<p>Les deux partis sont en pourparlers pour former une alliance en vue de la pr\u00e9sidentielle.<\/p>\n<p>\u00ab\u00a0Nous demandons le retour de tous les exil\u00e9s civils et politiques, y compris Laurent Gbagbo et (Charles) Bl\u00e9 Goud\u00e9\u00a0\u00bb, a d\u00e9clar\u00e9 M. B\u00e9di\u00e9 sous des applaudissements nourris.<\/p>\n<p>L\u2019ex-pr\u00e9sident Laurent Gbagbo, fondateur du FPI, vit \u00e0 Bruxelles depuis son acquittement par la Cour p\u00e9nale internationale de crimes contre l\u2019humanit\u00e9, en attendant l\u2019examen de l\u2019appel formul\u00e9 par la procureure.<\/p>\n<p>Dix ans apr\u00e8s la crise post-\u00e9lectorale de 2010-2011 qui avait fait 3.000 morts, la prochaine pr\u00e9sidentielle d\u2019octobre 2020 s\u2019annonce tendue en C\u00f4te d\u2019Ivoire. Les \u00e9lections municipales et r\u00e9gionales de 2018 avaient \u00e9t\u00e9 marqu\u00e9es par de nombreuses violences et des fraudes.<\/p>\n<p>Vendredi, l\u2019ancien pr\u00e9sident de l\u2019Assembl\u00e9e nationale pass\u00e9 \u00e0 l\u2019opposition, Guillaume Soro, s\u2019est d\u00e9clar\u00e9 le premier candidat \u00e0 l\u2019\u00e9lection pr\u00e9sidentielle.<\/p>\n<\/div>\n<p>Auteur: AFP<br \/>\n<a href=\"https:\/\/www.journalducameroun.com\/cote-divoire-le-pdci-sonne-la-mobilisation-a-un-an-de-la-presidentielle\/\">Cliquez ici pour lire l&rsquo;article depuis sa source.<\/a><\/p>\n","protected":false},"excerpt":{"rendered":"<p>Publi\u00e9 le 19.10.2019 \u00e0 19h50 par AFP Plusieurs dizaines de milliers de personnes ont assist\u00e9 samedi \u00e0 Yamoussoukro (centre) \u00e0 un meeting politique du Parti d\u00e9mocratique de C\u00f4te d\u2019Ivoire (PDCI), principal mouvement d\u2019opposition, un \u00ab\u00a0tournant d\u00e9cisif\u00a0\u00bb \u00e0 un an de la pr\u00e9sidentielle de 2020. Venus de tout le pays, les militants du PDCI habill\u00e9s de [&hellip;]<\/p>\n","protected":false},"author":1965,"featured_media":0,"comment_status":"closed","ping_status":"closed","sticky":false,"template":"","format":"standard","meta":{"fifu_image_url":"","fifu_image_alt":"","footnotes":""},"categories":[73,82],"tags":[],"class_list":["post-64910","post","type-post","status-publish","format-standard","hentry","category-actualite","category-cameroun"],"_links":{"self":[{"href":"https:\/\/linitiative.ca\/International\/wp-json\/wp\/v2\/posts\/64910","targetHints":{"allow":["GET"]}}],"collection":[{"href":"https:\/\/linitiative.ca\/International\/wp-json\/wp\/v2\/posts"}],"about":[{"href":"https:\/\/linitiative.ca\/International\/wp-json\/wp\/v2\/types\/post"}],"author":[{"embeddable":true,"href":"https:\/\/linitiative.ca\/International\/wp-json\/wp\/v2\/users\/1965"}],"replies":[{"embeddable":true,"href":"https:\/\/linitiative.ca\/International\/wp-json\/wp\/v2\/comments?post=64910"}],"version-history":[{"count":0,"href":"https:\/\/linitiative.ca\/International\/wp-json\/wp\/v2\/posts\/64910\/revisions"}],"wp:attachment":[{"href":"https:\/\/linitiative.ca\/International\/wp-json\/wp\/v2\/media?parent=64910"}],"wp:term":[{"taxonomy":"category","embeddable":true,"href":"https:\/\/linitiative.ca\/International\/wp-json\/wp\/v2\/categories?post=64910"},{"taxonomy":"post_tag","embeddable":true,"href":"https:\/\/linitiative.ca\/International\/wp-json\/wp\/v2\/tags?post=64910"}],"curies":[{"name":"wp","href":"https:\/\/api.w.org\/{rel}","templated":true}]}}