{"id":64915,"date":"2019-10-20T09:37:03","date_gmt":"2019-10-20T13:37:03","guid":{"rendered":"https:\/\/linitiative.ca\/International\/alerte-meteo-fortes-pluies-de-lundi-soir-a-mardi-a-midi-dans-plusieurs-regions\/"},"modified":"2019-10-20T09:37:03","modified_gmt":"2019-10-20T13:37:03","slug":"alerte-meteo-fortes-pluies-de-lundi-soir-a-mardi-a-midi-dans-plusieurs-regions","status":"publish","type":"post","link":"https:\/\/linitiative.ca\/International\/alerte-meteo-fortes-pluies-de-lundi-soir-a-mardi-a-midi-dans-plusieurs-regions\/","title":{"rendered":"Alerte m\u00e9t\u00e9o: Fortes pluies de lundi soir \u00e0 mardi \u00e0 midi dans plusieurs r\u00e9gions"},"content":{"rendered":"<p><img decoding=\"async\" class=\"post_layout_5_img\" src=\"http:\/\/aujourdhui.ma\/wp-content\/uploads\/2016\/03\/Pluie.jpg?x29840\" alt=\"Alerte m\u00e9t\u00e9o: Fortes pluies de lundi soir \u00e0 mardi \u00e0 midi dans plusieurs r\u00e9gions\"\/><\/p>\n<p><span class=\"c4\"><strong>De fortes pluies parfois orageuses de niveau organe sont attendues, de lundi \u00e0 20h00 jusqu\u2019au mardi \u00e0 midi, dans plusieurs r\u00e9gions du Royaume, a annonc\u00e9 dimanche la Direction de la m\u00e9t\u00e9orologie nationale (DMN).<\/strong><\/span><\/p>\n<p><span id=\"more-320662\"\/><br \/>Les provinces concern\u00e9es sont Driouch, Nador, Oujda-Angad, Berkane, Taourirt, Taza et Jerada, pr\u00e9cise la DMN dans un bulletin m\u00e9t\u00e9orologique sp\u00e9cial.<\/p>\n<p>En outre, des rafales de vent parfois fortes, \u00e9galement de niveau orange, sont pr\u00e9vues de lundi entre midi et 20h00 \u00e0 Figuig, Errachidia, Zagora, Midelt, Tinghir et Ouarzazate, ajoute la m\u00eame source.<\/p>\n<p>Des rafales de vent relativement fortes (60 \u00e0 70 km\/h) sont \u00e9galement pr\u00e9vues, ce dimanche entre 12h00 et 18h00, dans les provinces de Figuig, Errachidida, Guercif et Boulmane, poursuit la DMN.<\/p>\n<p>Par ailleurs, des chutes de neige, qui peuvent atteindre 5\/10 cm sur les hauteurs de plus de 1.800 m, int\u00e9resseront, de lundi \u00e0 22h00 jusqu\u2019au mardi \u00e0 minuit, dans les provinces d\u2019Ifrane, Azilal, Beni Mellal et Midelt.<\/p>\n<p>Auteur: ALM<br \/>\n<a href=\"http:\/\/aujourdhui.ma\/actualite\/alerte-meteo-fortes-pluies-de-lundi-soir-a-mardi-a-midi-dans-plusieurs-regions\">Cliquez ici pour lire l&rsquo;article depuis sa source.<\/a><\/p>\n","protected":false},"excerpt":{"rendered":"<p>De fortes pluies parfois orageuses de niveau organe sont attendues, de lundi \u00e0 20h00 jusqu\u2019au mardi \u00e0 midi, dans plusieurs r\u00e9gions du Royaume, a annonc\u00e9 dimanche la Direction de la m\u00e9t\u00e9orologie nationale (DMN). Les provinces concern\u00e9es sont Driouch, Nador, Oujda-Angad, Berkane, Taourirt, Taza et Jerada, pr\u00e9cise la DMN dans un bulletin m\u00e9t\u00e9orologique sp\u00e9cial. En outre, [&hellip;]<\/p>\n","protected":false},"author":1759,"featured_media":0,"comment_status":"closed","ping_status":"closed","sticky":false,"template":"","format":"standard","meta":{"fifu_image_url":"","fifu_image_alt":"","footnotes":""},"categories":[73,54],"tags":[],"class_list":["post-64915","post","type-post","status-publish","format-standard","hentry","category-actualite","category-maroc"],"_links":{"self":[{"href":"https:\/\/linitiative.ca\/International\/wp-json\/wp\/v2\/posts\/64915","targetHints":{"allow":["GET"]}}],"collection":[{"href":"https:\/\/linitiative.ca\/International\/wp-json\/wp\/v2\/posts"}],"about":[{"href":"https:\/\/linitiative.ca\/International\/wp-json\/wp\/v2\/types\/post"}],"author":[{"embeddable":true,"href":"https:\/\/linitiative.ca\/International\/wp-json\/wp\/v2\/users\/1759"}],"replies":[{"embeddable":true,"href":"https:\/\/linitiative.ca\/International\/wp-json\/wp\/v2\/comments?post=64915"}],"version-history":[{"count":0,"href":"https:\/\/linitiative.ca\/International\/wp-json\/wp\/v2\/posts\/64915\/revisions"}],"wp:attachment":[{"href":"https:\/\/linitiative.ca\/International\/wp-json\/wp\/v2\/media?parent=64915"}],"wp:term":[{"taxonomy":"category","embeddable":true,"href":"https:\/\/linitiative.ca\/International\/wp-json\/wp\/v2\/categories?post=64915"},{"taxonomy":"post_tag","embeddable":true,"href":"https:\/\/linitiative.ca\/International\/wp-json\/wp\/v2\/tags?post=64915"}],"curies":[{"name":"wp","href":"https:\/\/api.w.org\/{rel}","templated":true}]}}