{"id":64916,"date":"2019-10-20T09:12:46","date_gmt":"2019-10-20T13:12:46","guid":{"rendered":"https:\/\/linitiative.ca\/International\/les-subventions-aux-arts-plastiques-pourraient-connaitre-un-reexamen\/"},"modified":"2019-10-20T09:12:46","modified_gmt":"2019-10-20T13:12:46","slug":"les-subventions-aux-arts-plastiques-pourraient-connaitre-un-reexamen","status":"publish","type":"post","link":"https:\/\/linitiative.ca\/International\/les-subventions-aux-arts-plastiques-pourraient-connaitre-un-reexamen\/","title":{"rendered":"\u00abLes subventions aux arts plastiques pourraient connaitre un r\u00e9examen\u00bb"},"content":{"rendered":"<p class=\"has-text-color has-vivid-cyan-blue-color c2\"><em>Malgr\u00e9 les subventions accord\u00e9es au secteur des arts plastiques,\u00a0 ces derni\u00e8res pourraient connaitre un r\u00e9examen, a affirm\u00e9 Mohammed Mansouri Idrissi, artiste peintre et pr\u00e9sident du Syndicat Marocain des Artistes Plasticiens Professionnels. \u00abOn doit souligner que les arts plastiques ne sont pas aussi bien dot\u00e9s en comparaison \u00e0 d\u2019autres secteurs culturels. Il faudrait un r\u00e9\u00e9quilibrage \u00e0 ce niveau. Mais d\u2019une mani\u00e8re g\u00e9n\u00e9rale, les subventions pour les arts plastiques pourraient connaitre un r\u00e9examen\u00bb, a-t-il fait savoir.<\/em><\/p>\n<p><strong>Al Bayane: Que pensez-vous des enveloppes budg\u00e9taires allou\u00e9es aux arts plastiques? Le march\u00e9 de l\u2019art marocain a-t-il besoin de soutien pour mieux se structurer?<\/strong><\/p>\n<p><strong>Mohammed Mansouri Idrissi :<\/strong> On ne peut ignorer les efforts consentis par l\u2019Etat et le Minist\u00e8re de la Culture, de la Jeunesse et des Sports\u00a0 pour soutenir la cr\u00e9ation artistique et culturelle: arts plastiques, musique, cin\u00e9ma, th\u00e9\u00e2tre(\u2026). La subvention et l\u2019aide publiques doivent \u00eatre consolid\u00e9es car il n\u2019y a pas un r\u00e9el march\u00e9 de l\u2019art au Maroc. Les arts et la culture ne sont pas un luxe. Quand les possibilit\u00e9s du march\u00e9 sont insuffisantes, l\u2019Etat est oblig\u00e9 de soutenir la cr\u00e9ation. C\u2019est ce que fait par exemple la France pour le cin\u00e9ma et m\u00eame pour l\u2019art contemporain qui b\u00e9n\u00e9ficient d\u2019une tr\u00e8s forte subvention publique.<\/p>\n<div class=\"wp-block-image\"><img decoding=\"async\" src=\"http:\/\/albayane.press.ma\/wp-content\/uploads\/Mohamed-Mansouri.jpg\" alt=\"\" class=\"wp-image-82201\"\/><\/div>\n<p><strong>Quid du Maroc\u2026alors?<\/strong><\/p>\n<p>Chez nous au Maroc, les efforts consentis sont incontestables. Rien que pour la premi\u00e8re session de 2018, le Ministre de la Culture, de la Jeunesse et des Sports avait annonc\u00e9 que 865 projets culturels, artistiques ou cr\u00e9atifs ont \u00e9t\u00e9 subventionn\u00e9s pour l\u2019Edition, le Livre, les Biblioth\u00e8ques, le Th\u00e9\u00e2tre, les Arts Plastiques\u2026<\/p>\n<p>Mais il faut souligner que les arts plastiques ne sont pas aussi bien dot\u00e9s en comparaison \u00e0 d\u2019autres secteurs culturels. Il faudrait un r\u00e9\u00e9quilibrage \u00e0 ce niveau. Mais d\u2019une mani\u00e8re g\u00e9n\u00e9rale,\u00a0 les subventions aux arts plastiques pourraient connaitre un r\u00e9examen.<\/p>\n<p><strong>Que proposez-vous pour que la roue des arts plastiques puisse tourner? Les subventions auront-elles des retomb\u00e9es b\u00e9n\u00e9fiques sur le secteur?<\/strong><\/p>\n<p>Aujourd\u2019hui, il y a une unanimit\u00e9 pour dire que les r\u00e9sidences d\u2019artistes, fortement subventionn\u00e9es, n\u2019ont pas atteint les objectifs souhait\u00e9s. Ces r\u00e9sidences ne concernent que quelques personnes et leur rayonnement est devenu terne. Il faudrait \u00e9valuer leur rendement. Par contre, la communaut\u00e9 des artistes plasticiens n\u2019a pas compris que le soutien apport\u00e9 aux monographies (qui sont d\u2019importants \u00e9l\u00e9ments de la m\u00e9moire culturelle)\u00a0 soit suspendu!<\/p>\n<p>Sur le plan de la m\u00e9thodologie du travail de la commission, le mode de s\u00e9lection des projets (pr\u00e9sent\u00e9s par des artistes, des galeristes ou des organisateurs de salon) doit \u00eatre revu. On ne peut plus continuer \u00e0 \u00e9tudier les projets sur papier et sur dossier. Il faudrait que le candidat\u00a0 puisse venir et pr\u00e9senter lui-m\u00eame son projet face \u00e0 la commission. L\u2019\u00e9change avec les membres de la commission lui permettra d\u2019expliquer, de d\u00e9fendre sa vision et aussi de b\u00e9n\u00e9ficier des conseils utiles. Cette m\u00e9thode de travail est celle d\u00e9j\u00e0 adopt\u00e9e depuis longtemps, par la commission de soutien du cin\u00e9ma ou des festivals qui re\u00e7oit, \u00e9coute et discute avec les candidats \u00e0 la subvention.<\/p>\n<p>Le Minist\u00e8re de la culture pourrait aussi cr\u00e9er des Commissions r\u00e9gionales avec des fonds r\u00e9gionaux pour d\u00e9concentrer la politique de subvention. L\u2019objectif serait de promouvoir les arts dans les territoires et accompagner mat\u00e9riellement l\u2019organisation des \u00e9v\u00e8nements locaux en faveur des talents \u00e9mergents, y compris par l\u2019acquisition de leurs \u0153uvres.<\/p>\n<p>Mais pour que la politique de d\u00e9concentration et d\u00e9centralisation des arts et de la culture prenne tout son sens, il est temps que les collectivit\u00e9s territoriales (les communes et les r\u00e9gions) qui ont de larges comp\u00e9tences d\u00e9finies par la loi\u00a0 en mati\u00e8re d\u2019animation culturelle participent \u00e0 cet effort. Les communes et les r\u00e9gions doivent participer \u00e0 l\u2019organisation d\u2019expositions et de salons. Elles doivent aussi passer des commandes aux artistes plasticiens\u00a0 pour embellir les entr\u00e9es des villes, les rues, les jardins, les parcs, les ronds-points et les \u00e9tablissements communaux. Le\u00a0 Minist\u00e8re de la Culture, de la Jeunesse et des Sports ne peut \u00e0 lui seul prendre en charge la mission de la subvention et de l\u2019aide publique aux arts et \u00e0 la culture.<\/p>\n<p><strong>O\u00f9 en sommes-nous de la participation marocaine aux biennales et march\u00e9s de l\u2019art internationaux? Les artistes et l\u2019art marocain ont-ils une visibilit\u00e9 au-del\u00e0 des fronti\u00e8res? Comment les subventions peuvent-elles d\u00e9velopper la diplomatie culturelle et artistique?<\/strong><\/p>\n<p>Sur le plan international, la subvention devrait s\u2019ouvrir sur les grandes manifestations dans le monde. Il faudrait aider les cr\u00e9ateurs plasticiens pour une r\u00e9elle participation \u00e0 l\u2019\u00e9tranger, ce qui\u00a0 contribuera aussi au\u00a0 rayonnement international de notre culture.\u00a0 Il faudrait accorder des subventions apr\u00e8s examen minutieux du projet aux artistes et aux galeristes et les aider pour les diff\u00e9rentes charges, par exemple, la location des stands lors des manifestations ou foires internationales, y compris le transport des \u0153uvres qui devrait \u00eatre flexible. Et ce, au m\u00eame titre que les autres secteurs de l\u2019\u00e9conomie qui sont fortement pr\u00e9sents dans des salons sp\u00e9cialis\u00e9s \u00e0 l\u2019\u00e9tranger.\u00a0 On devrait \u00eatre convaincu que la notion de \u00abMaroc Export\u00bb concerne \u00e9galement\u00a0 les arts et la culture.<\/p>\n<p>Dans ce sens, le Minist\u00e8re de la Culture, de la Jeunesse et des Sports\u00a0 pourrait participer \u00e0 la cr\u00e9ation et au montage\u00a0 de grandes expositions, avec des concepts forts, susceptibles de voyager dans les grandes capitales du march\u00e9 de l\u2019art (Londres, New-York, Hong Kong\u2026).<\/p>\n<p>Enfin, il est n\u00e9cessaire que les cr\u00e9dits consacr\u00e9s \u00e0 la\u00a0 subvention publique pour les arts et la culture soient augment\u00e9s et consid\u00e9r\u00e9s comme un outil strat\u00e9gique pour le d\u00e9veloppement socioculturel et humain et aussi pour le rayonnement culturel international de notre pays.<\/p>\n<p class=\"c2\"><strong>Propos recueillis par Mohamed Nait Youssef<\/strong><\/p>\n<p>Auteur: M&rsquo;hammed rahal<br \/>\n<a href=\"http:\/\/albayane.press.ma\/les-subventions-aux-arts-plastiques-pourraient-connaitre-un-reexamen.html\">Cliquez ici pour lire l&rsquo;article depuis sa source.<\/a><\/p>\n","protected":false},"excerpt":{"rendered":"<p>Malgr\u00e9 les subventions accord\u00e9es au secteur des arts plastiques,\u00a0 ces derni\u00e8res pourraient connaitre un r\u00e9examen, a affirm\u00e9 Mohammed Mansouri Idrissi, artiste peintre et pr\u00e9sident du Syndicat Marocain des Artistes Plasticiens Professionnels. \u00abOn doit souligner que les arts plastiques ne sont pas aussi bien dot\u00e9s en comparaison \u00e0 d\u2019autres secteurs culturels. Il faudrait un r\u00e9\u00e9quilibrage \u00e0 [&hellip;]<\/p>\n","protected":false},"author":1760,"featured_media":64917,"comment_status":"closed","ping_status":"closed","sticky":false,"template":"","format":"standard","meta":{"fifu_image_url":"","fifu_image_alt":"","footnotes":""},"categories":[73,54],"tags":[],"class_list":["post-64916","post","type-post","status-publish","format-standard","has-post-thumbnail","hentry","category-actualite","category-maroc"],"_links":{"self":[{"href":"https:\/\/linitiative.ca\/International\/wp-json\/wp\/v2\/posts\/64916","targetHints":{"allow":["GET"]}}],"collection":[{"href":"https:\/\/linitiative.ca\/International\/wp-json\/wp\/v2\/posts"}],"about":[{"href":"https:\/\/linitiative.ca\/International\/wp-json\/wp\/v2\/types\/post"}],"author":[{"embeddable":true,"href":"https:\/\/linitiative.ca\/International\/wp-json\/wp\/v2\/users\/1760"}],"replies":[{"embeddable":true,"href":"https:\/\/linitiative.ca\/International\/wp-json\/wp\/v2\/comments?post=64916"}],"version-history":[{"count":0,"href":"https:\/\/linitiative.ca\/International\/wp-json\/wp\/v2\/posts\/64916\/revisions"}],"wp:featuredmedia":[{"embeddable":true,"href":"https:\/\/linitiative.ca\/International\/wp-json\/"}],"wp:attachment":[{"href":"https:\/\/linitiative.ca\/International\/wp-json\/wp\/v2\/media?parent=64916"}],"wp:term":[{"taxonomy":"category","embeddable":true,"href":"https:\/\/linitiative.ca\/International\/wp-json\/wp\/v2\/categories?post=64916"},{"taxonomy":"post_tag","embeddable":true,"href":"https:\/\/linitiative.ca\/International\/wp-json\/wp\/v2\/tags?post=64916"}],"curies":[{"name":"wp","href":"https:\/\/api.w.org\/{rel}","templated":true}]}}