{"id":64918,"date":"2019-10-20T09:18:32","date_gmt":"2019-10-20T13:18:32","guid":{"rendered":"https:\/\/linitiative.ca\/International\/le-sahara-est-marocain-il-invite-lalgerie-et-le-maroc-a-ouvrir-leurs-frontieres\/"},"modified":"2019-10-20T09:18:32","modified_gmt":"2019-10-20T13:18:32","slug":"le-sahara-est-marocain-il-invite-lalgerie-et-le-maroc-a-ouvrir-leurs-frontieres","status":"publish","type":"post","link":"https:\/\/linitiative.ca\/International\/le-sahara-est-marocain-il-invite-lalgerie-et-le-maroc-a-ouvrir-leurs-frontieres\/","title":{"rendered":"\u00abLe Sahara est marocain\u00bb: il invite l\u2019Alg\u00e9rie et le Maroc \u00e0 ouvrir leurs fronti\u00e8res"},"content":{"rendered":"<p>Le Sahara est marocain et cette question doit prendre fin, alors que l\u2019Alg\u00e9rie et le Maroc doivent ouvrir leurs fronti\u00e8res et normaliser leurs relations, a d\u00e9clar\u00e9 l\u2019ancien Secr\u00e9taire g\u00e9n\u00e9ral du Front de Lib\u00e9ration Nationale (FLN), Amar Sa\u00e2dani.<\/p>\n<p>\u00ab\u00a0En v\u00e9rit\u00e9, je consid\u00e8re que le Sahara est marocain et rien d\u2019autre\u00a0\u00bb, a affirm\u00e9 M. Sa\u00e2dani dans un entretien accord\u00e9 au journal \u00e9lectronique \u00ab\u00a0Tout Sur l\u2019Alg\u00e9rie\u00a0\u00bb (TSA), publi\u00e9 jeudi.<\/p>\n<p>\u00ab\u00a0Aussi, je pense que l\u2019Alg\u00e9rie a vers\u00e9 pendant cinquante ans des sommes faramineuses \u00e0 ce qui est appel\u00e9 le -Polisario- et cette organisation n\u2019a rien fait et n\u2019est pas parvenue \u00e0 sortir de l\u2019impasse\u00a0\u00bb, a-t-il dit.<\/p>\n<p>Il a estim\u00e9 de m\u00eame que \u00ab\u00a0l\u2019argent vers\u00e9 au +Polisario+, avec lequel ses membres se baladent depuis cinquante ans dans les h\u00f4tels de luxe, doit revenir \u00e0 Souk Ahras, El Bayadh, Tamanrasss et et autres villes alg\u00e9riennes\u00a0\u00bb.<\/p>\n<p>Relevant que la relation entre l\u2019Alg\u00e9rie et le Maroc est plus grande que cette question, l\u2019ancien pr\u00e9sident de l\u2019Assembl\u00e9e Parlementaire Nationale (APN) a jug\u00e9 que \u00ab\u00a0la conjoncture est favorable, car il y a l\u2019\u00e9lection d\u2019un nouveau Pr\u00e9sident et le changement de syst\u00e8me en Tunisie, alors que l\u2019Alg\u00e9rie se dirige vers une \u00e9lection et un changement de syst\u00e8me et la Libye aussi vit une transformation\u00a0\u00bb.<\/p>\n<p>\u00ab\u00a0Tout cela peut concourir \u00e0 relancer l\u2019unit\u00e9 maghr\u00e9bine comme l\u2019ont voulue les v\u00e9t\u00e9rans du FLN et de tous les partis nationalistes du Maroc, d\u2019Alg\u00e9rie, de Tunisie et de toute l\u2019Afrique du Nord\u00a0\u00bb, a soutenu Amar Sa\u00e2dani dans cet entretien dans lequel il a longuement abord\u00e9 la prochaine \u00e9lection pr\u00e9sidentielle pr\u00e9vue en d\u00e9cembre prochain en Alg\u00e9rie.<\/p>\n<p>Auteur: M&rsquo;hammed rahal<br \/>\n<a href=\"http:\/\/albayane.press.ma\/le-sahara-est-marocain-il-invite-lalgerie-et-le-maroc-a-ouvrir-leurs-frontieres.html\">Cliquez ici pour lire l&rsquo;article depuis sa source.<\/a><\/p>\n","protected":false},"excerpt":{"rendered":"<p>Le Sahara est marocain et cette question doit prendre fin, alors que l\u2019Alg\u00e9rie et le Maroc doivent ouvrir leurs fronti\u00e8res et normaliser leurs relations, a d\u00e9clar\u00e9 l\u2019ancien Secr\u00e9taire g\u00e9n\u00e9ral du Front de Lib\u00e9ration Nationale (FLN), Amar Sa\u00e2dani. \u00ab\u00a0En v\u00e9rit\u00e9, je consid\u00e8re que le Sahara est marocain et rien d\u2019autre\u00a0\u00bb, a affirm\u00e9 M. Sa\u00e2dani dans un [&hellip;]<\/p>\n","protected":false},"author":1760,"featured_media":0,"comment_status":"closed","ping_status":"closed","sticky":false,"template":"","format":"standard","meta":{"fifu_image_url":"","fifu_image_alt":"","footnotes":""},"categories":[73,54],"tags":[],"class_list":["post-64918","post","type-post","status-publish","format-standard","hentry","category-actualite","category-maroc"],"_links":{"self":[{"href":"https:\/\/linitiative.ca\/International\/wp-json\/wp\/v2\/posts\/64918","targetHints":{"allow":["GET"]}}],"collection":[{"href":"https:\/\/linitiative.ca\/International\/wp-json\/wp\/v2\/posts"}],"about":[{"href":"https:\/\/linitiative.ca\/International\/wp-json\/wp\/v2\/types\/post"}],"author":[{"embeddable":true,"href":"https:\/\/linitiative.ca\/International\/wp-json\/wp\/v2\/users\/1760"}],"replies":[{"embeddable":true,"href":"https:\/\/linitiative.ca\/International\/wp-json\/wp\/v2\/comments?post=64918"}],"version-history":[{"count":0,"href":"https:\/\/linitiative.ca\/International\/wp-json\/wp\/v2\/posts\/64918\/revisions"}],"wp:attachment":[{"href":"https:\/\/linitiative.ca\/International\/wp-json\/wp\/v2\/media?parent=64918"}],"wp:term":[{"taxonomy":"category","embeddable":true,"href":"https:\/\/linitiative.ca\/International\/wp-json\/wp\/v2\/categories?post=64918"},{"taxonomy":"post_tag","embeddable":true,"href":"https:\/\/linitiative.ca\/International\/wp-json\/wp\/v2\/tags?post=64918"}],"curies":[{"name":"wp","href":"https:\/\/api.w.org\/{rel}","templated":true}]}}