{"id":64919,"date":"2019-10-20T09:26:52","date_gmt":"2019-10-20T13:26:52","guid":{"rendered":"https:\/\/linitiative.ca\/International\/la-subvention-a-pratiquement-aide-le-secteur\/"},"modified":"2019-10-20T09:26:52","modified_gmt":"2019-10-20T13:26:52","slug":"la-subvention-a-pratiquement-aide-le-secteur","status":"publish","type":"post","link":"https:\/\/linitiative.ca\/International\/la-subvention-a-pratiquement-aide-le-secteur\/","title":{"rendered":"\u00abLa subvention a pratiquement aid\u00e9 le secteur\u00bb"},"content":{"rendered":"<p class=\"has-text-color has-vivid-cyan-blue-color c2\"><strong>Si la subvention au secteur du livre permet de soutenir les professionnels de ce secteur, elle est surtout int\u00e9ressante quand on la donne \u00e0 temps, souligne le pr\u00e9sident de l\u2019Union professionnelle des \u00e9diteurs du Maroc (UPEM). En 2019, force est de relever que les subventions de 2015<\/strong> <strong>et 2016 n\u2019ont pas toujours \u00e9t\u00e9 attribu\u00e9es, confie Abdelkader Retnani.<\/strong><\/p>\n<p><strong>Al Bayane: Les subventions ont-elles aid\u00e9 v\u00e9ritablement le secteur du livre et de l\u2019\u00e9dition ? A votre avis, quelles sont les failles de ce mod\u00e8le?<\/strong><\/p>\n<p><strong>Abdelkader Retnani<\/strong>: La subvention a pratiquement aid\u00e9 le secteur avec\u00a0 30% de plus d\u00e8s 2014. Mais il faut savoir comment cette aide se donne. La commission, qui s\u2019en charge, est toujours critiqu\u00e9 de \u00abcopinage\u00bb. Je pense qu\u2019il faut r\u00e9fl\u00e9chir pour attribuer les subventions non pas en fonction de l\u2019\u00e9diteur, mais en fonction du texte et du manuscrit.<\/p>\n<p><strong>Que pensez-vous de la r\u00e9partition de cette subvention\u00a0? Certains petits \u00e9diteurs avancent que ce sont les grands qui en profitent davantage?<\/strong><\/p>\n<p>Non. Ce n\u2019est pas vrai. Ceux qui en profitent, ce sont ceux qui am\u00e8nent des textes int\u00e9ressants. Il y a une charte et des crit\u00e8res \u00e0 respecter. La commission ne doit pas \u00eatre seulement universitaire, mais doit avoir une certaine id\u00e9e et connaissance de la lecture, du roman, de l\u2019essai.<\/p>\n<p><strong>Cette subvention est-elle suffisante pour le secteur du livre qui reste quand m\u00eame fragile?<\/strong><\/p>\n<p>Il y a les subventions de 2015 et 2016 qui n\u2019ont pas encore \u00e9t\u00e9 attribu\u00e9es. La subvention est int\u00e9ressante quand on la donne dans les trois mois qui suivent parce que l\u2019imprimeur ne pourra pas attendre. Quand tu attends un ou deux ans, tu meurs. C\u2019est ce qui arrive \u00e0 beaucoup d\u2019\u00e9diteurs.<\/p>\n<p><strong>Est-ce la raison pour laquelle certains partent \u00e0 la recherche d\u2019autres bailleurs de fonds, surtout dans le priv\u00e9?<\/strong><\/p>\n<p>C\u2019est une sorte de partenariat public-priv\u00e9 (PPP) parce que la culture est vitale et importante. C\u2019est un moyen de cr\u00e9er des emplois. Il faut que les responsables prennent en consid\u00e9ration cette donn\u00e9e.<\/p>\n<p class=\"c2\"><strong>Propos recueillis par Nait Youssef<\/strong><\/p>\n<p>Auteur: M&rsquo;hammed rahal<br \/>\n<a href=\"http:\/\/albayane.press.ma\/la-subvention-a-pratiquement-aide-le-secteur.html\">Cliquez ici pour lire l&rsquo;article depuis sa source.<\/a><\/p>\n","protected":false},"excerpt":{"rendered":"<p>Si la subvention au secteur du livre permet de soutenir les professionnels de ce secteur, elle est surtout int\u00e9ressante quand on la donne \u00e0 temps, souligne le pr\u00e9sident de l\u2019Union professionnelle des \u00e9diteurs du Maroc (UPEM). En 2019, force est de relever que les subventions de 2015 et 2016 n\u2019ont pas toujours \u00e9t\u00e9 attribu\u00e9es, confie [&hellip;]<\/p>\n","protected":false},"author":1760,"featured_media":0,"comment_status":"closed","ping_status":"closed","sticky":false,"template":"","format":"standard","meta":{"fifu_image_url":"","fifu_image_alt":"","footnotes":""},"categories":[73,54],"tags":[],"class_list":["post-64919","post","type-post","status-publish","format-standard","hentry","category-actualite","category-maroc"],"_links":{"self":[{"href":"https:\/\/linitiative.ca\/International\/wp-json\/wp\/v2\/posts\/64919","targetHints":{"allow":["GET"]}}],"collection":[{"href":"https:\/\/linitiative.ca\/International\/wp-json\/wp\/v2\/posts"}],"about":[{"href":"https:\/\/linitiative.ca\/International\/wp-json\/wp\/v2\/types\/post"}],"author":[{"embeddable":true,"href":"https:\/\/linitiative.ca\/International\/wp-json\/wp\/v2\/users\/1760"}],"replies":[{"embeddable":true,"href":"https:\/\/linitiative.ca\/International\/wp-json\/wp\/v2\/comments?post=64919"}],"version-history":[{"count":0,"href":"https:\/\/linitiative.ca\/International\/wp-json\/wp\/v2\/posts\/64919\/revisions"}],"wp:attachment":[{"href":"https:\/\/linitiative.ca\/International\/wp-json\/wp\/v2\/media?parent=64919"}],"wp:term":[{"taxonomy":"category","embeddable":true,"href":"https:\/\/linitiative.ca\/International\/wp-json\/wp\/v2\/categories?post=64919"},{"taxonomy":"post_tag","embeddable":true,"href":"https:\/\/linitiative.ca\/International\/wp-json\/wp\/v2\/tags?post=64919"}],"curies":[{"name":"wp","href":"https:\/\/api.w.org\/{rel}","templated":true}]}}