{"id":64921,"date":"2019-10-20T10:19:31","date_gmt":"2019-10-20T14:19:31","guid":{"rendered":"https:\/\/linitiative.ca\/International\/les-subventions-a-la-culture-ont-elles-tue-la-creation\/"},"modified":"2019-10-20T10:19:31","modified_gmt":"2019-10-20T14:19:31","slug":"les-subventions-a-la-culture-ont-elles-tue-la-creation","status":"publish","type":"post","link":"https:\/\/linitiative.ca\/International\/les-subventions-a-la-culture-ont-elles-tue-la-creation\/","title":{"rendered":"Les subventions \u00e0 la culture ont-elles tu\u00e9 la cr\u00e9ation?"},"content":{"rendered":"<p class=\"has-text-color has-luminous-vivid-orange-color c2\"><em>La sc\u00e8ne culturelle et artistique nationale connait ces derni\u00e8res ann\u00e9es un\u00a0 essor. Riche par ses composantes diverses et multiples, le secteur vit contre vents et mar\u00e9es.<\/em><\/p>\n<p>Alors qu\u2019auparavant, l\u2019enveloppe budg\u00e9taire des subventions octroy\u00e9es aux projets artistiques et culturels ne d\u00e9passait pas le seuil de 100.000.00Dh, aujourd\u2019hui le minist\u00e8re de la tutelle a augment\u00e9 ce soutien qui atteint d\u00e9sormais environ 2.000.000.00 dhs.<\/p>\n<p>Pour certains acteurs culturels, ces subventions ont des retomb\u00e9es b\u00e9n\u00e9fiques et ont vers\u00e9 un sang nouveau dans les veines de la cr\u00e9ation. Mais, pour d\u2019autres, ce soutien s\u2019est transform\u00e9 en une rente qui a tu\u00e9 la cr\u00e9ation et cr\u00e9\u00e9 de nouveaux \u00abchasseurs de subventions\u00bb, notamment dans un secteur qui est entrain de se structurer. Pour Brahim El Mazned, membre de la Banque d\u2019expertise UE\/UNESCO, le d\u00e9bat doit reposer sur l\u2019ensemble de la cha\u00eene de valeur.<\/p>\n<p>\u00abL\u2019affaire culturelle, un peu partout dans le monde, a besoin de subventions et de soutien parce qu\u2019elle a des retomb\u00e9es indirectes qui ne sont pas toujours calcul\u00e9es\u00bb,\u00a0 a-t-il affirm\u00e9. Selon Abdelkader Retnani, pr\u00e9sident de l\u2019Union professionnelle des \u00e9diteurs du Maroc (UPEM), la subvention a aid\u00e9 le secteur, m\u00eame si ces subventions ne sont pas toujours pay\u00e9es \u00e0 temps, \u00e0 l\u2019exemple de celles de 2015 et 2016 qui n\u2019ont pas \u00e9t\u00e9 encore attribu\u00e9es.<\/p>\n<p class=\"c2\"><strong>Mohamed Nait Youssef<\/strong><\/p>\n<p>Auteur: M&rsquo;hammed rahal<br \/>\n<a href=\"http:\/\/albayane.press.ma\/les-subventions-a-la-culture-ont-elles-tue-la-creation.html\">Cliquez ici pour lire l&rsquo;article depuis sa source.<\/a><\/p>\n","protected":false},"excerpt":{"rendered":"<p>La sc\u00e8ne culturelle et artistique nationale connait ces derni\u00e8res ann\u00e9es un\u00a0 essor. Riche par ses composantes diverses et multiples, le secteur vit contre vents et mar\u00e9es. Alors qu\u2019auparavant, l\u2019enveloppe budg\u00e9taire des subventions octroy\u00e9es aux projets artistiques et culturels ne d\u00e9passait pas le seuil de 100.000.00Dh, aujourd\u2019hui le minist\u00e8re de la tutelle a augment\u00e9 ce soutien [&hellip;]<\/p>\n","protected":false},"author":1760,"featured_media":0,"comment_status":"closed","ping_status":"closed","sticky":false,"template":"","format":"standard","meta":{"fifu_image_url":"","fifu_image_alt":"","footnotes":""},"categories":[73,54],"tags":[],"class_list":["post-64921","post","type-post","status-publish","format-standard","hentry","category-actualite","category-maroc"],"_links":{"self":[{"href":"https:\/\/linitiative.ca\/International\/wp-json\/wp\/v2\/posts\/64921","targetHints":{"allow":["GET"]}}],"collection":[{"href":"https:\/\/linitiative.ca\/International\/wp-json\/wp\/v2\/posts"}],"about":[{"href":"https:\/\/linitiative.ca\/International\/wp-json\/wp\/v2\/types\/post"}],"author":[{"embeddable":true,"href":"https:\/\/linitiative.ca\/International\/wp-json\/wp\/v2\/users\/1760"}],"replies":[{"embeddable":true,"href":"https:\/\/linitiative.ca\/International\/wp-json\/wp\/v2\/comments?post=64921"}],"version-history":[{"count":0,"href":"https:\/\/linitiative.ca\/International\/wp-json\/wp\/v2\/posts\/64921\/revisions"}],"wp:attachment":[{"href":"https:\/\/linitiative.ca\/International\/wp-json\/wp\/v2\/media?parent=64921"}],"wp:term":[{"taxonomy":"category","embeddable":true,"href":"https:\/\/linitiative.ca\/International\/wp-json\/wp\/v2\/categories?post=64921"},{"taxonomy":"post_tag","embeddable":true,"href":"https:\/\/linitiative.ca\/International\/wp-json\/wp\/v2\/tags?post=64921"}],"curies":[{"name":"wp","href":"https:\/\/api.w.org\/{rel}","templated":true}]}}