{"id":64923,"date":"2019-10-20T10:47:00","date_gmt":"2019-10-20T14:47:00","guid":{"rendered":"https:\/\/linitiative.ca\/International\/le-projet-de-loi-des-hydrocarbures-soumis-a-la-commission-economique\/"},"modified":"2019-10-20T10:47:00","modified_gmt":"2019-10-20T14:47:00","slug":"le-projet-de-loi-des-hydrocarbures-soumis-a-la-commission-economique","status":"publish","type":"post","link":"https:\/\/linitiative.ca\/International\/le-projet-de-loi-des-hydrocarbures-soumis-a-la-commission-economique\/","title":{"rendered":"Le projet de loi des hydrocarbures soumis \u00e0 la commission \u00e9conomique"},"content":{"rendered":"<div id=\"originalText\" readability=\"47\">\n<p class=\"c10\">Le projet de loi sur les hydrocarbures a \u00e9t\u00e9 soumis \u00e0 la commission des affaires \u00e9conomiques de l&rsquo;Assembl\u00e9e populaire nationale (APN), selon une d\u00e9claration du bureau du conseil r\u00e9uni aujourd&rsquo;hui, dimanche 20 octobre 2019.<\/p>\n<p class=\"c10\">Par ailleurs, Libert\u00e9 a appris que le gouvernement avait d\u00e9pos\u00e9 le projet aupr\u00e8s du bureau de Slimane Chenine avec le cachet \u00ab urgent \u00bb, mais le bureau du conseil avait demand\u00e9 \u00e0 la commission des affaires \u00e9conomiques de mener de larges consultations avec des experts en la mati\u00e8re.<\/p>\n<p class=\"c10\">La chambre basse du parlement a indiqu\u00e9 que son bureau avait \u00e9galement transmis le projet de loi g\u00e9n\u00e9rale du personnel militaire \u00e0 la commission des affaires juridiques, administratives et des libert\u00e9s.<\/p>\n<p class=\"c11\">\u00a0<\/p>\n<p class=\"c11\"><strong>R\u00e9daction Web<\/strong><\/p>\n<\/div>\n<div id=\"text_core\" readability=\"47\">\n<p class=\"c10\">Le projet de loi sur les hydrocarbures a \u00e9t\u00e9 soumis \u00e0 la commission des affaires \u00e9conomiques de l&rsquo;Assembl\u00e9e populaire nationale (APN), selon une d\u00e9claration du bureau du conseil r\u00e9uni aujourd&rsquo;hui, dimanche 20 octobre 2019.<\/p>\n<p class=\"c10\">Par ailleurs, Libert\u00e9 a appris que le gouvernement avait d\u00e9pos\u00e9 le projet aupr\u00e8s du bureau de Slimane Chenine avec le cachet \u00ab urgent \u00bb, mais le bureau du conseil avait demand\u00e9 \u00e0 la commission des affaires \u00e9conomiques de mener de larges consultations avec des experts en la mati\u00e8re.<\/p>\n<p class=\"c10\">La chambre basse du parlement a indiqu\u00e9 que son bureau avait \u00e9galement transmis le projet de loi g\u00e9n\u00e9rale du personnel militaire \u00e0 la commission des affaires juridiques, administratives et des libert\u00e9s.<\/p>\n<p class=\"c11\">\u00a0<\/p>\n<p class=\"c11\"><strong>R\u00e9daction Web<\/strong><\/p>\n<\/div>\n<p>Auteur:<br \/>\n<a href=\"https:\/\/www.liberte-algerie.com\/actualite\/le-projet-de-loi-des-hydrocarbures-soumis-a-la-commission-economique-326359\">Cliquez ici pour lire l&rsquo;article depuis sa source.<\/a><\/p>\n","protected":false},"excerpt":{"rendered":"<p>Le projet de loi sur les hydrocarbures a \u00e9t\u00e9 soumis \u00e0 la commission des affaires \u00e9conomiques de l&rsquo;Assembl\u00e9e populaire nationale (APN), selon une d\u00e9claration du bureau du conseil r\u00e9uni aujourd&rsquo;hui, dimanche 20 octobre 2019. Par ailleurs, Libert\u00e9 a appris que le gouvernement avait d\u00e9pos\u00e9 le projet aupr\u00e8s du bureau de Slimane Chenine avec le cachet [&hellip;]<\/p>\n","protected":false},"author":1742,"featured_media":0,"comment_status":"closed","ping_status":"closed","sticky":false,"template":"","format":"standard","meta":{"fifu_image_url":"","fifu_image_alt":"","footnotes":""},"categories":[73,53],"tags":[],"class_list":["post-64923","post","type-post","status-publish","format-standard","hentry","category-actualite","category-algerie"],"_links":{"self":[{"href":"https:\/\/linitiative.ca\/International\/wp-json\/wp\/v2\/posts\/64923","targetHints":{"allow":["GET"]}}],"collection":[{"href":"https:\/\/linitiative.ca\/International\/wp-json\/wp\/v2\/posts"}],"about":[{"href":"https:\/\/linitiative.ca\/International\/wp-json\/wp\/v2\/types\/post"}],"author":[{"embeddable":true,"href":"https:\/\/linitiative.ca\/International\/wp-json\/wp\/v2\/users\/1742"}],"replies":[{"embeddable":true,"href":"https:\/\/linitiative.ca\/International\/wp-json\/wp\/v2\/comments?post=64923"}],"version-history":[{"count":0,"href":"https:\/\/linitiative.ca\/International\/wp-json\/wp\/v2\/posts\/64923\/revisions"}],"wp:attachment":[{"href":"https:\/\/linitiative.ca\/International\/wp-json\/wp\/v2\/media?parent=64923"}],"wp:term":[{"taxonomy":"category","embeddable":true,"href":"https:\/\/linitiative.ca\/International\/wp-json\/wp\/v2\/categories?post=64923"},{"taxonomy":"post_tag","embeddable":true,"href":"https:\/\/linitiative.ca\/International\/wp-json\/wp\/v2\/tags?post=64923"}],"curies":[{"name":"wp","href":"https:\/\/api.w.org\/{rel}","templated":true}]}}