{"id":64926,"date":"2019-10-20T11:49:00","date_gmt":"2019-10-20T15:49:00","guid":{"rendered":"https:\/\/linitiative.ca\/International\/le-comite-national-pour-la-liberation-de-louisa-hanoune-exige-son-acquittement\/"},"modified":"2019-10-20T11:49:00","modified_gmt":"2019-10-20T15:49:00","slug":"le-comite-national-pour-la-liberation-de-louisa-hanoune-exige-son-acquittement","status":"publish","type":"post","link":"https:\/\/linitiative.ca\/International\/le-comite-national-pour-la-liberation-de-louisa-hanoune-exige-son-acquittement\/","title":{"rendered":"Le comit\u00e9 national pour la lib\u00e9ration de Louisa Hanoune exige son acquittement"},"content":{"rendered":"<div id=\"originalText\" readability=\"84\">\n<p class=\"c10\">Le comit\u00e9 national pour la lib\u00e9ration de la secr\u00e9taire g\u00e9n\u00e9rale du Parti des Travailleurs (PT) a lanc\u00e9 un appel pour exiger, entres autres, \u00ab la lib\u00e9ration et l\u2019acquittement de Louisa Hanoune et de tous les d\u00e9tenus politiques et d\u2019opinion \u00bb.\u00a0 Ce message est destin\u00e9 aux \u00ab Alg\u00e9riennes et aux Alg\u00e9riens, \u00e0 tous les partis, aux syndicats, organisations, personnalit\u00e9s \u2026 attach\u00e9s \u00e0 la d\u00e9mocratie et au multipartisme afin qu\u2019ils expriment leur opposition \u00e0 l\u2019arbitraire et au totalitarisme\u00a0 en cosignant\u00a0 cet appel \u00bb.<\/p>\n<p class=\"c10\">Dans un communiqu\u00e9 publi\u00e9 \u00e0 l\u2019issu d\u2019une r\u00e9union tenue ce dimanche, pr\u00e9sid\u00e9e par la moudjahida Zohra Drif Bitat, le comit\u00e9 est revenu sur les p\u00e9rip\u00e9ties ayant entour\u00e9 le proc\u00e8s, notamment les discussions du collectif d\u2019avocats, qui a \u00e9tabli qu\u2019il n\u2019existait \u00ab aucune preuve mat\u00e9rielle pour fonder cette accusation et prononcer cette condamnation \u00bb. Selon les avocats de la premi\u00e8re responsable du PT, \u00ab il s\u2019agit bel et bien d\u2019un proc\u00e8s politique exp\u00e9ditif, organis\u00e9, pour faire taire une voix discordante pour le r\u00e9gime en place \u00bb.<\/p>\n<p class=\"c10\">Ainsi, le comit\u00e9 national d\u00e9nonce l\u2019emprisonnement\u00a0 d\u2019 \u00ab un chef d\u2019un parti politique pour ses positions politiques \u00bb et qualifie cet acte de \u00ab criminalisation de l\u2019action politique \u00bb. Il a appel\u00e9 \u00e9galement \u00e0 \u00ab l\u2019arr\u00eat des politiques liberticides et toutes les mesures r\u00e9pressives, l\u2019arr\u00eat de l\u2019instrumentalisation de la justice et le respect des libert\u00e9s fondamentales (libert\u00e9 de manifestation, de presse, de circulation, d\u2019expression, d\u2019opinion\u2026)\u00bb.<\/p>\n<p class=\"c10\">La condamnation de Louisa Hanoune par le tribunal militaire de Blida \u00e0 15 ann\u00e9es de r\u00e9clusion criminelle, au m\u00eame titre que les g\u00e9n\u00e9raux Mohamed Medi\u00e8ne (dit Toufik) et AthmaneTartag (dit Bachir), anciens responsables des services de renseignement\u00a0 ainsi que Sa\u00efd Bouteflika, fr\u00e8re du Pr\u00e9sident d\u00e9chu, est selon le comit\u00e9, \u00ab un d\u00e9rapage grave \u00bb.<\/p>\n<p class=\"c10\">Le comit\u00e9 ajoute que \u00ab tout comme le Moudjahid Lakhder Bourega\u00e2, le coordinateur du parti UDS, Karim Tabou, Samira Messouci, Fodhil Boumala, Samir Bellarbi et tous les d\u00e9tenus politiques et d\u2019opinion, Madame Louisa Hanoune est victime de l\u2019arbitraire \u00bb.<\/p>\n<p class=\"c11\"><strong>Im\u00e8ne AMOKRANE<\/strong><\/p>\n<\/div>\n<div id=\"text_core\" readability=\"84\">\n<p class=\"c10\">Le comit\u00e9 national pour la lib\u00e9ration de la secr\u00e9taire g\u00e9n\u00e9rale du Parti des Travailleurs (PT) a lanc\u00e9 un appel pour exiger, entres autres, \u00ab la lib\u00e9ration et l\u2019acquittement de Louisa Hanoune et de tous les d\u00e9tenus politiques et d\u2019opinion \u00bb.\u00a0 Ce message est destin\u00e9 aux \u00ab Alg\u00e9riennes et aux Alg\u00e9riens, \u00e0 tous les partis, aux syndicats, organisations, personnalit\u00e9s \u2026 attach\u00e9s \u00e0 la d\u00e9mocratie et au multipartisme afin qu\u2019ils expriment leur opposition \u00e0 l\u2019arbitraire et au totalitarisme\u00a0 en cosignant\u00a0 cet appel \u00bb.<\/p>\n<p class=\"c10\">Dans un communiqu\u00e9 publi\u00e9 \u00e0 l\u2019issu d\u2019une r\u00e9union tenue ce dimanche, pr\u00e9sid\u00e9e par la moudjahida Zohra Drif Bitat, le comit\u00e9 est revenu sur les p\u00e9rip\u00e9ties ayant entour\u00e9 le proc\u00e8s, notamment les discussions du collectif d\u2019avocats, qui a \u00e9tabli qu\u2019il n\u2019existait \u00ab aucune preuve mat\u00e9rielle pour fonder cette accusation et prononcer cette condamnation \u00bb. Selon les avocats de la premi\u00e8re responsable du PT, \u00ab il s\u2019agit bel et bien d\u2019un proc\u00e8s politique exp\u00e9ditif, organis\u00e9, pour faire taire une voix discordante pour le r\u00e9gime en place \u00bb.<\/p>\n<p class=\"c10\">Ainsi, le comit\u00e9 national d\u00e9nonce l\u2019emprisonnement\u00a0 d\u2019 \u00ab un chef d\u2019un parti politique pour ses positions politiques \u00bb et qualifie cet acte de \u00ab criminalisation de l\u2019action politique \u00bb. Il a appel\u00e9 \u00e9galement \u00e0 \u00ab l\u2019arr\u00eat des politiques liberticides et toutes les mesures r\u00e9pressives, l\u2019arr\u00eat de l\u2019instrumentalisation de la justice et le respect des libert\u00e9s fondamentales (libert\u00e9 de manifestation, de presse, de circulation, d\u2019expression, d\u2019opinion\u2026)\u00bb.<\/p>\n<p class=\"c10\">La condamnation de Louisa Hanoune par le tribunal militaire de Blida \u00e0 15 ann\u00e9es de r\u00e9clusion criminelle, au m\u00eame titre que les g\u00e9n\u00e9raux Mohamed Medi\u00e8ne (dit Toufik) et AthmaneTartag (dit Bachir), anciens responsables des services de renseignement\u00a0 ainsi que Sa\u00efd Bouteflika, fr\u00e8re du Pr\u00e9sident d\u00e9chu, est selon le comit\u00e9, \u00ab un d\u00e9rapage grave \u00bb.<\/p>\n<p class=\"c10\">Le comit\u00e9 ajoute que \u00ab tout comme le Moudjahid Lakhder Bourega\u00e2, le coordinateur du parti UDS, Karim Tabou, Samira Messouci, Fodhil Boumala, Samir Bellarbi et tous les d\u00e9tenus politiques et d\u2019opinion, Madame Louisa Hanoune est victime de l\u2019arbitraire \u00bb.<\/p>\n<p class=\"c11\"><strong>Im\u00e8ne AMOKRANE<\/strong><\/p>\n<\/div>\n<p>Auteur:<br \/>\n<a href=\"https:\/\/www.liberte-algerie.com\/actualite\/le-comite-national-pour-la-liberation-de-louisa-hanoune-exige-son-acquittement-326360\">Cliquez ici pour lire l&rsquo;article depuis sa source.<\/a><\/p>\n","protected":false},"excerpt":{"rendered":"<p>Le comit\u00e9 national pour la lib\u00e9ration de la secr\u00e9taire g\u00e9n\u00e9rale du Parti des Travailleurs (PT) a lanc\u00e9 un appel pour exiger, entres autres, \u00ab la lib\u00e9ration et l\u2019acquittement de Louisa Hanoune et de tous les d\u00e9tenus politiques et d\u2019opinion \u00bb.\u00a0 Ce message est destin\u00e9 aux \u00ab Alg\u00e9riennes et aux Alg\u00e9riens, \u00e0 tous les partis, aux [&hellip;]<\/p>\n","protected":false},"author":1742,"featured_media":0,"comment_status":"closed","ping_status":"closed","sticky":false,"template":"","format":"standard","meta":{"fifu_image_url":"","fifu_image_alt":"","footnotes":""},"categories":[73,53],"tags":[],"class_list":["post-64926","post","type-post","status-publish","format-standard","hentry","category-actualite","category-algerie"],"_links":{"self":[{"href":"https:\/\/linitiative.ca\/International\/wp-json\/wp\/v2\/posts\/64926","targetHints":{"allow":["GET"]}}],"collection":[{"href":"https:\/\/linitiative.ca\/International\/wp-json\/wp\/v2\/posts"}],"about":[{"href":"https:\/\/linitiative.ca\/International\/wp-json\/wp\/v2\/types\/post"}],"author":[{"embeddable":true,"href":"https:\/\/linitiative.ca\/International\/wp-json\/wp\/v2\/users\/1742"}],"replies":[{"embeddable":true,"href":"https:\/\/linitiative.ca\/International\/wp-json\/wp\/v2\/comments?post=64926"}],"version-history":[{"count":0,"href":"https:\/\/linitiative.ca\/International\/wp-json\/wp\/v2\/posts\/64926\/revisions"}],"wp:attachment":[{"href":"https:\/\/linitiative.ca\/International\/wp-json\/wp\/v2\/media?parent=64926"}],"wp:term":[{"taxonomy":"category","embeddable":true,"href":"https:\/\/linitiative.ca\/International\/wp-json\/wp\/v2\/categories?post=64926"},{"taxonomy":"post_tag","embeddable":true,"href":"https:\/\/linitiative.ca\/International\/wp-json\/wp\/v2\/tags?post=64926"}],"curies":[{"name":"wp","href":"https:\/\/api.w.org\/{rel}","templated":true}]}}