{"id":64928,"date":"2019-10-19T18:25:58","date_gmt":"2019-10-19T22:25:58","guid":{"rendered":"https:\/\/linitiative.ca\/International\/actes-criminels-enquete-a-lencontre-dun-francais\/"},"modified":"2019-10-19T18:25:58","modified_gmt":"2019-10-19T22:25:58","slug":"actes-criminels-enquete-a-lencontre-dun-francais","status":"publish","type":"post","link":"https:\/\/linitiative.ca\/International\/actes-criminels-enquete-a-lencontre-dun-francais\/","title":{"rendered":"Actes criminels: Enqu\u00eate \u00e0 l\u2019encontre d\u2019un Fran\u00e7ais"},"content":{"rendered":"<div class=\"single-featured\"><img alt=\"\" data-src=\"http:\/\/www.mapmarrakech.ma\/map\/uploads\/2019\/06\/policemarrakechnouvelle-1.jpg\"\/><\/div>\n<div class=\"single-post-excerpt post-excerpt-bc\" readability=\"37\">\n<p>Rabat \u2013 Le service pr\u00e9fectoral de la police judiciaire de Marrakech a ouvert samedi matin, sous la supervision du parquet comp\u00e9tent, une enqu\u00eate judiciaire au sujet d\u2019actes criminels attribu\u00e9s \u00e0 un citoyen fran\u00e7ais \u00e2g\u00e9 de 73 ans soup\u00e7onn\u00e9 d\u2019avoir r\u00e9alis\u00e9 des op\u00e9rations de chirurgie esth\u00e9tique dans un lieu clandestin et exercice de la m\u00e9decine sans autorisation au Maroc.<\/p>\n<\/div>\n<div class=\"entry-content clearfix single-post-content\" readability=\"55\">\n<p>La pr\u00e9fecture de police de Marrakech avait re\u00e7u une plainte d\u2019une citoyenne fran\u00e7aise, \u00e2g\u00e9e de 49 ans, qui pr\u00e9tendait \u00eatre parvenue \u00e0 un accord avec un m\u00e9decin de la m\u00eame nationalit\u00e9 pour la r\u00e9alisation d\u2019une op\u00e9ration de chirurgie esth\u00e9tique dans une clinique priv\u00e9e contre la somme de 4.000 euros, indique un communiqu\u00e9 de la Direction g\u00e9n\u00e9rale de la S\u00fbret\u00e9 nationale (DGSN), pr\u00e9cisant que le m\u00e9decin en question a effectu\u00e9 l\u2019intervention chirurgicale dans une chambre clandestine au sous-sol de sa r\u00e9sidence sise au quartier Annakhil \u00e0 Marrakech.<\/p>\n<p>Les recherches et investigations men\u00e9es ont permis l\u2019interpellation du m\u00e9decin objet de la plainte et la saisie d\u2019un tampon encreur portant son nom avec la qualit\u00e9 de m\u00e9decin en France, ainsi que du mat\u00e9riel m\u00e9dical, des m\u00e9dicaments et des produits pharmaceutiques, dans le garage de la villa qu\u2019il loue et qui est suppos\u00e9e lui servir de lieu pour la r\u00e9alisation d\u2019op\u00e9rations clandestines de chirurgie esth\u00e9tique.<\/p>\n<p>Le mis en cause a fait l\u2019objet d\u2019une enqu\u00eate judiciaire sous la supervision du parquet comp\u00e9tent pour v\u00e9rifier les actes qui lui sont reproch\u00e9s dont l\u2019exercice de la m\u00e9decine sans autorisation au Maroc, l\u2019exploitation d\u2019un cabinet clandestin pour r\u00e9aliser des op\u00e9rations chirurgicales, ajoute la m\u00eame source. Il s\u2019agit aussi de v\u00e9rifier son \u00e9ventuelle qualit\u00e9 de m\u00e9decin et d\u2019arr\u00eater toute personne complice dans ces actes, conclut le communiqu\u00e9.<\/p>\n<\/div>\n<p>Auteur: Meriem IGASS<br \/>\n<a href=\"http:\/\/www.mapmarrakech.ma\/fr\/actes-criminels-enquete-judiciaire-a-lencontre-dun-francais\/\">Cliquez ici pour lire l&rsquo;article depuis sa source.<\/a><\/p>\n","protected":false},"excerpt":{"rendered":"<p>Rabat \u2013 Le service pr\u00e9fectoral de la police judiciaire de Marrakech a ouvert samedi matin, sous la supervision du parquet comp\u00e9tent, une enqu\u00eate judiciaire au sujet d\u2019actes criminels attribu\u00e9s \u00e0 un citoyen fran\u00e7ais \u00e2g\u00e9 de 73 ans soup\u00e7onn\u00e9 d\u2019avoir r\u00e9alis\u00e9 des op\u00e9rations de chirurgie esth\u00e9tique dans un lieu clandestin et exercice de la m\u00e9decine sans [&hellip;]<\/p>\n","protected":false},"author":1788,"featured_media":64929,"comment_status":"closed","ping_status":"closed","sticky":false,"template":"","format":"standard","meta":{"fifu_image_url":"","fifu_image_alt":"","footnotes":""},"categories":[54,76],"tags":[],"class_list":["post-64928","post","type-post","status-publish","format-standard","has-post-thumbnail","hentry","category-maroc","category-regions"],"_links":{"self":[{"href":"https:\/\/linitiative.ca\/International\/wp-json\/wp\/v2\/posts\/64928","targetHints":{"allow":["GET"]}}],"collection":[{"href":"https:\/\/linitiative.ca\/International\/wp-json\/wp\/v2\/posts"}],"about":[{"href":"https:\/\/linitiative.ca\/International\/wp-json\/wp\/v2\/types\/post"}],"author":[{"embeddable":true,"href":"https:\/\/linitiative.ca\/International\/wp-json\/wp\/v2\/users\/1788"}],"replies":[{"embeddable":true,"href":"https:\/\/linitiative.ca\/International\/wp-json\/wp\/v2\/comments?post=64928"}],"version-history":[{"count":0,"href":"https:\/\/linitiative.ca\/International\/wp-json\/wp\/v2\/posts\/64928\/revisions"}],"wp:featuredmedia":[{"embeddable":true,"href":"https:\/\/linitiative.ca\/International\/wp-json\/"}],"wp:attachment":[{"href":"https:\/\/linitiative.ca\/International\/wp-json\/wp\/v2\/media?parent=64928"}],"wp:term":[{"taxonomy":"category","embeddable":true,"href":"https:\/\/linitiative.ca\/International\/wp-json\/wp\/v2\/categories?post=64928"},{"taxonomy":"post_tag","embeddable":true,"href":"https:\/\/linitiative.ca\/International\/wp-json\/wp\/v2\/tags?post=64928"}],"curies":[{"name":"wp","href":"https:\/\/api.w.org\/{rel}","templated":true}]}}