{"id":64931,"date":"2019-10-20T12:06:37","date_gmt":"2019-10-20T16:06:37","guid":{"rendered":"https:\/\/linitiative.ca\/International\/hommage-posthume-a-lartiste-peintre-hassan-cheikh\/"},"modified":"2019-10-20T12:06:37","modified_gmt":"2019-10-20T16:06:37","slug":"hommage-posthume-a-lartiste-peintre-hassan-cheikh","status":"publish","type":"post","link":"https:\/\/linitiative.ca\/International\/hommage-posthume-a-lartiste-peintre-hassan-cheikh\/","title":{"rendered":"Hommage posthume \u00e0 l\u2019artiste-peintre Hassan Cheikh"},"content":{"rendered":"<div readability=\"40\">\n<p>Essaouira \u2013 Une c\u00e9r\u00e9monie en hommage posthume \u00e0 l\u2019artiste-peintre souiri, Hassan Cheikh, d\u00e9c\u00e9d\u00e9 le 8 septembre dernier des suites d\u2019une longue maladie, a \u00e9t\u00e9 organis\u00e9e samedi soir \u00e0 Essaouira, en pr\u00e9sence d\u2019un parterre de proches et d\u2019amis du d\u00e9funt ainsi que de plusieurs personnalit\u00e9s du monde des arts, de la culture et de la litt\u00e9rature.<\/p>\n<\/div>\n<div readability=\"173\">\n<p>Tenue \u00e0 l\u2019espace Dar Souiri, en comm\u00e9moration du quaranti\u00e8me jour de la disparition de feu Hassan Cheikh, cette c\u00e9r\u00e9monie, plac\u00e9e sous le signe \u00ab\u00a0M\u00e9moire et imaginaire\u00a0\u00bb, a b\u00e9n\u00e9fici\u00e9 du concours notamment de la d\u00e9l\u00e9gation provinciale de la Culture, de l\u2019Association Essaouira-Mogador et du Forum International des Arts Plastiques.<\/p>\n<p>A cette occasion, plusieurs intellectuels, critiques d\u2019arts, amis et proches du d\u00e9funt ont livr\u00e9 des t\u00e9moignages \u00e9mouvants sur les grandes qualit\u00e9s humaines et professionnelles du d\u00e9funt qui a consacr\u00e9 la majeure partie de sa vie \u00e0 la promotion des arts plastiques et \u00e0 l\u2019enrichissement de la sc\u00e8ne artistique nationale, gr\u00e2ce \u00e0 une grande collection in\u00e9dite d\u2019oeuvres de toute beaut\u00e9.<\/p>\n<p>Intervenant \u00e0 cette occasion, la d\u00e9l\u00e9gu\u00e9e provinciale du tourisme, Zhor Amhaouch, a indiqu\u00e9 que la ville des mouettes a perdu un des pionniers du paysage culturel et une ic\u00f4ne unique de l\u2019art plastique. \u00ab\u00a0Parler dans ce contexte sublime concerne l\u2019artiste-plasticien cr\u00e9ateur Hassan Cheikh, qui a impr\u00e9gn\u00e9 tout au long de sa carri\u00e8re une exp\u00e9rience cr\u00e9ative unique qui a enrichi la sc\u00e8ne culturelle aux niveaux local et national, \u00e0 travers bon nombre d\u2019\u0153uvres artistiques qui c\u00e9l\u00e8brent la cr\u00e9ation plastique dans toutes ses splendeurs\u00a0\u00bb, a-t-elle dit.<\/p>\n<p>Ainsi, il n\u2019est pas possible de parler d\u2019art plastique dans la ville d\u2019Essaouira sans \u00e9voquer ce brillant artiste qui fut l\u2019un des plasticiens ambassadeurs les plus en vue au m\u00eame titre que l\u2019un des plus importants chantres de l\u2019amour et de la paix, a-t-elle ajout\u00e9, notant que feu Hassan Cheikh appartient \u00e0 une cat\u00e9gorie rare d\u2019artistes, celle des artistes autodidactes qui ne connaissent pas les limitations des moyens et la raret\u00e9 des offres. Il fait partie d\u2019un panel unique d\u2019artistes plasticiens impr\u00e9gn\u00e9s de valeurs esth\u00e9tiques et humaines riches et vari\u00e9es, a-t-elle poursuivi.<\/p>\n<p>De son c\u00f4t\u00e9, M. Tarik Ottmani, pr\u00e9sident du bureau ex\u00e9cutif de l\u2019Association Essaouira-Mogador a exprim\u00e9 la reconnaissance de ladite association \u00e0 ce sensible artiste, notant que \u00ab\u00a0depuis plus de vingt ans d\u00e9j\u00e0, feu Hassan Cheikh avait marqu\u00e9 sa singuli\u00e8re pr\u00e9sence au sein du groupe d\u2019artistes qui \u0153uvraient -en tout b\u00e9n\u00e9volat- pour l\u2019art et la dynamique culturelle et associative \u00e0 Essaouira, tout en participant \u00e0 la diffusion de la belle image de cette ville aux niveaux national et international, \u00e0 travers ses \u0153uvres artistiques et ses interventions culturelles\u00a0\u00bb.<\/p>\n<p>\u00ab\u00a0L\u2019Association Essaouira-Mogador, qui avait comme partenaire ce sensible artiste pour diverses rencontres culturelles ou diff\u00e9rentes r\u00e9alisations et services, reconna\u00eet en Hassan Cheikh, le fid\u00e8le, le ponctuel et l\u2019honn\u00eate homme dont elle reste fi\u00e8re d\u2019avoir enregistr\u00e9 ses traces \u00e0 travers diverses interventions artistiques ou techniques\u00a0\u00bb, a-t-il pr\u00e9cis\u00e9.<\/p>\n<p>Le professeur Ahmed Bachnou, au nom du Fine Arts Forum International, a relev\u00e9 que feu Hassan Cheikh a soulign\u00e9 l\u2019importance de la vie artistique et culturelle en laissant derri\u00e8re lui une \u0153uvre aussi riche que remarquable, dans la mesure o\u00f9 il a assur\u00e9 le maintien et la diffusion d\u2019une image esth\u00e9tique de marque, en exer\u00e7ant son pouvoir de s\u00e9duction et de fascination sur le public, et o\u00f9 il a pu mettre en valeur la diff\u00e9rence et l\u2019originalit\u00e9 du pays.<\/p>\n<p>\u00ab\u00a0Ce mode d\u2019expression est devenu une expression id\u00e9ologique. Il a transpos\u00e9 des st\u00e9r\u00e9otypes, des \u00e9tats d\u2019esprits, mais aussi les inqui\u00e9tudes de la soci\u00e9t\u00e9. Ainsi, il a pu promouvoir l\u2019art plastique en tant qu\u2019outil de dynamisation de la sc\u00e8ne culturelle au Maroc. Il a constitu\u00e9 \u00e9galement un espace de cr\u00e9ativit\u00e9 et d\u2019\u00e9change d\u2019exp\u00e9riences entre les artistes\u00a0\u00bb, a-t-il encha\u00een\u00e9, louant sa contribution \u00e0 l\u2019enrichissement de la sc\u00e8ne artistique marocaine en offrant en tant qu\u2019autodidacte un panorama du patrimoine artistique moderne et contemporain du Royaume, dans lequel il avait toujours invit\u00e9 le public \u00e0 admirer, d\u2019une part, la curiosit\u00e9 de ses \u0153uvres artistiques, et d\u2019autre part, \u00e0 appr\u00e9cier un choix de l\u2019aventure cr\u00e9atrice de ce peintre depuis son \u00e9mergence jusqu\u2019\u00e0 nos jours.<\/p>\n<p>M. Abdellah Cheikh, intellectuel, critique d\u2019art et fr\u00e8re de feu Hassan Cheikh, a mis en avant l\u2019initiative prise par les proches et amis du d\u00e9funt de publier un ouvrage collectif d\u00e9di\u00e9 \u00e0 sa m\u00e9moire, \u00e0 travers lequel ils t\u00e9moignent de leur reconnaissance et forte admiration \u00e0 cet artiste-peintre qui a toujours fait montre de son attachement \u00e0 l\u2019art plastique et \u00e0 son espace souiri jusqu\u2019aux os.<\/p>\n<p>\u00ab\u00a0Chaque oeuvre que tu as gracieusement compos\u00e9e par ta verve est ta propre demeure de ta parole et de ton silence \u00e0 la fois. Le rythme de ton \u00e2me d\u00e9bordante de vie et de racines. Les registres de tes secrets personnels et impersonnels vou\u00e9s au non-dit et \u00e0 l\u2019inconnu. Chaque oeuvre est une mer sans plages qui joue la symphonie du destin et de la destin\u00e9e\u00a0\u00bb, a-t-il soulign\u00e9.<\/p>\n<p>Par la m\u00eame occasion, l\u2019assistance a \u00e9t\u00e9 convi\u00e9e \u00e0 une s\u00e9rie de lectures et d\u2019approches critiques autour des oeuvres artistiques de feu Hassan Cheikh, suivie de la projection d\u2019un film-documentaire sur la vie et le parcours professionnel si singulier et riche de cet artiste-peintre qui a marqu\u00e9 les esprits et la sc\u00e8ne des arts plastiques \u00e0 l\u2019\u00e9chelle nationale.<\/p>\n<p>Lors de cette c\u00e9r\u00e9monie, les personnalit\u00e9s pr\u00e9sentes ont \u00e9t\u00e9 \u00e9galement gratifi\u00e9es d\u2019un floril\u00e8ge de chansons tir\u00e9es du r\u00e9pertoire musical classique, avant de prendre part \u00e0 une s\u00e9ance de signature d\u2019un ouvrage collectif retra\u00e7ant le parcours professionnel de cet plasticien amplement inspir\u00e9.<\/p>\n<p>Pour clore en beaut\u00e9 de cette c\u00e9r\u00e9monie, l\u2019assistance a pris part au vernissage d\u2019une exposition r\u00e9trospective de feu Hassan Cheikh, le temps de d\u00e9couvrir de visu et de pouvoir appr\u00e9cier la beaut\u00e9 et la magie de ses oeuvres.<\/p>\n<p>P\u00e8re de deux enfants, feu Hassan Cheikh (1966-2019) a laiss\u00e9 derri\u00e8re lui un patrimoine artistique consid\u00e9rable. Personnalit\u00e9 riche et simple, cet artiste-peintre souiri est consid\u00e9r\u00e9 comme l\u2019un des plasticiens les plus en vue de la cit\u00e9 des Aliz\u00e9s.<\/p>\n<p>Dans ses \u0153uvres il c\u00e9l\u00e8bre, \u00e0 sa mani\u00e8re, un imaginaire social et traditionnel empreint de spiritualit\u00e9 et enracin\u00e9 dans l\u2019espace et le temps, avec beaucoup de po\u00e9sie o\u00f9 se confrontent le visible et l\u2019invisible dans une harmonie d\u00e9concertante qui affiche tout le talent de ce plasticien.<\/p>\n<p>Autodidacte, subjugu\u00e9 tr\u00e8s t\u00f4t par les couleurs, il exprime sa volont\u00e9 d\u2019embrasser la spiritualit\u00e9 tr\u00e8s t\u00f4t. D\u2019o\u00f9 la pr\u00e9sence des signes et des figures dans ses \u0153uvres. Et si la d\u00e9marche de Hassan Cheikh semble extraordinaire, la magie de ses \u0153uvres s\u2019exprime par la po\u00e9sie de l\u2019ordinaire.<\/p>\n<\/div>\n<p>Auteur: Meriem IGASS<br \/>\n<a href=\"http:\/\/www.mapmarrakech.ma\/fr\/hommage\/\">Cliquez ici pour lire l&rsquo;article depuis sa source.<\/a><\/p>\n","protected":false},"excerpt":{"rendered":"<p>Essaouira \u2013 Une c\u00e9r\u00e9monie en hommage posthume \u00e0 l\u2019artiste-peintre souiri, Hassan Cheikh, d\u00e9c\u00e9d\u00e9 le 8 septembre dernier des suites d\u2019une longue maladie, a \u00e9t\u00e9 organis\u00e9e samedi soir \u00e0 Essaouira, en pr\u00e9sence d\u2019un parterre de proches et d\u2019amis du d\u00e9funt ainsi que de plusieurs personnalit\u00e9s du monde des arts, de la culture et de la litt\u00e9rature. [&hellip;]<\/p>\n","protected":false},"author":1788,"featured_media":0,"comment_status":"closed","ping_status":"closed","sticky":false,"template":"","format":"standard","meta":{"fifu_image_url":"","fifu_image_alt":"","footnotes":""},"categories":[54,76],"tags":[],"class_list":["post-64931","post","type-post","status-publish","format-standard","hentry","category-maroc","category-regions"],"_links":{"self":[{"href":"https:\/\/linitiative.ca\/International\/wp-json\/wp\/v2\/posts\/64931","targetHints":{"allow":["GET"]}}],"collection":[{"href":"https:\/\/linitiative.ca\/International\/wp-json\/wp\/v2\/posts"}],"about":[{"href":"https:\/\/linitiative.ca\/International\/wp-json\/wp\/v2\/types\/post"}],"author":[{"embeddable":true,"href":"https:\/\/linitiative.ca\/International\/wp-json\/wp\/v2\/users\/1788"}],"replies":[{"embeddable":true,"href":"https:\/\/linitiative.ca\/International\/wp-json\/wp\/v2\/comments?post=64931"}],"version-history":[{"count":0,"href":"https:\/\/linitiative.ca\/International\/wp-json\/wp\/v2\/posts\/64931\/revisions"}],"wp:attachment":[{"href":"https:\/\/linitiative.ca\/International\/wp-json\/wp\/v2\/media?parent=64931"}],"wp:term":[{"taxonomy":"category","embeddable":true,"href":"https:\/\/linitiative.ca\/International\/wp-json\/wp\/v2\/categories?post=64931"},{"taxonomy":"post_tag","embeddable":true,"href":"https:\/\/linitiative.ca\/International\/wp-json\/wp\/v2\/tags?post=64931"}],"curies":[{"name":"wp","href":"https:\/\/api.w.org\/{rel}","templated":true}]}}