{"id":64932,"date":"2019-10-20T12:13:32","date_gmt":"2019-10-20T16:13:32","guid":{"rendered":"https:\/\/linitiative.ca\/International\/arrestation-dun-bresilien-pour-trafic-de-cocaine\/"},"modified":"2019-10-20T12:13:32","modified_gmt":"2019-10-20T16:13:32","slug":"arrestation-dun-bresilien-pour-trafic-de-cocaine","status":"publish","type":"post","link":"https:\/\/linitiative.ca\/International\/arrestation-dun-bresilien-pour-trafic-de-cocaine\/","title":{"rendered":"Arrestation d\u2019un Br\u00e9silien pour trafic de coca\u00efne"},"content":{"rendered":"<div class=\"single-featured\"><img alt=\"\" data-src=\"http:\/\/www.mapmarrakech.ma\/map\/uploads\/2019\/10\/DGSN.jpg\"\/><\/div>\n<div class=\"single-post-excerpt post-excerpt-bc\" readability=\"37\">\n<p>Rabat \u2013 Les \u00e9l\u00e9ments de police \u00e0 l\u2019a\u00e9roport Marrakech Menara ont arr\u00eat\u00e9, dimanche, un citoyen br\u00e9silien, \u00e2g\u00e9 de 22 ans, en flagrant d\u00e9lit de trafic de coca\u00efne.<\/p>\n<\/div>\n<div class=\"entry-content clearfix single-post-content\" readability=\"49\">\n<p>Le suspect a \u00e9t\u00e9 arr\u00eat\u00e9 \u00e0 son arriv\u00e9e au Maroc en provenance de l\u2019a\u00e9roport de Lisbonne au Portugal en possession de 600 grammes de coca\u00efne, dissimul\u00e9s dans ses chaussures de sport, indique un communiqu\u00e9 de la Direction g\u00e9n\u00e9rale de la s\u00fbret\u00e9 nationale (DGSN), ajoutant que l\u2019op\u00e9ration de contr\u00f4le par \u00e9chographie \u00e0 laquelle il a \u00e9t\u00e9 soumis a montr\u00e9 l\u2019existence de plusieurs capsules de la m\u00eame drogue dans ses intestins.<\/p>\n<p>Le mis en cause a \u00e9t\u00e9 plac\u00e9 sous surveillance m\u00e9dicale \u00e0 l\u2019h\u00f4pital pour l\u2019\u00e9vacuation des capsules de coca\u00efne, dans l\u2019attente de le soumettre \u00e0 une enqu\u00eate judiciaire sous la supervision du parquet comp\u00e9tent en vue d\u2019\u00e9lucider les tenants et aboutissants de cette affaire et d\u2019 identifier ses \u00e9ventuelles ramifications sur les plans national et international, ajoute la m\u00eame source.<\/p>\n<p>Cette op\u00e9ration s\u2019inscrit dans le cadre des efforts d\u00e9ploy\u00e9s par les services de la DGSN pour lutter contre le trafic international de drogue et de psychotropes, rappelle le communiqu\u00e9.<\/p>\n<\/div>\n<p>Auteur: Meriem IGASS<br \/>\n<a href=\"http:\/\/www.mapmarrakech.ma\/fr\/trafic\/\">Cliquez ici pour lire l&rsquo;article depuis sa source.<\/a><\/p>\n","protected":false},"excerpt":{"rendered":"<p>Rabat \u2013 Les \u00e9l\u00e9ments de police \u00e0 l\u2019a\u00e9roport Marrakech Menara ont arr\u00eat\u00e9, dimanche, un citoyen br\u00e9silien, \u00e2g\u00e9 de 22 ans, en flagrant d\u00e9lit de trafic de coca\u00efne. Le suspect a \u00e9t\u00e9 arr\u00eat\u00e9 \u00e0 son arriv\u00e9e au Maroc en provenance de l\u2019a\u00e9roport de Lisbonne au Portugal en possession de 600 grammes de coca\u00efne, dissimul\u00e9s dans ses [&hellip;]<\/p>\n","protected":false},"author":1788,"featured_media":64933,"comment_status":"closed","ping_status":"closed","sticky":false,"template":"","format":"standard","meta":{"fifu_image_url":"","fifu_image_alt":"","footnotes":""},"categories":[54,76],"tags":[],"class_list":["post-64932","post","type-post","status-publish","format-standard","has-post-thumbnail","hentry","category-maroc","category-regions"],"_links":{"self":[{"href":"https:\/\/linitiative.ca\/International\/wp-json\/wp\/v2\/posts\/64932","targetHints":{"allow":["GET"]}}],"collection":[{"href":"https:\/\/linitiative.ca\/International\/wp-json\/wp\/v2\/posts"}],"about":[{"href":"https:\/\/linitiative.ca\/International\/wp-json\/wp\/v2\/types\/post"}],"author":[{"embeddable":true,"href":"https:\/\/linitiative.ca\/International\/wp-json\/wp\/v2\/users\/1788"}],"replies":[{"embeddable":true,"href":"https:\/\/linitiative.ca\/International\/wp-json\/wp\/v2\/comments?post=64932"}],"version-history":[{"count":0,"href":"https:\/\/linitiative.ca\/International\/wp-json\/wp\/v2\/posts\/64932\/revisions"}],"wp:featuredmedia":[{"embeddable":true,"href":"https:\/\/linitiative.ca\/International\/wp-json\/"}],"wp:attachment":[{"href":"https:\/\/linitiative.ca\/International\/wp-json\/wp\/v2\/media?parent=64932"}],"wp:term":[{"taxonomy":"category","embeddable":true,"href":"https:\/\/linitiative.ca\/International\/wp-json\/wp\/v2\/categories?post=64932"},{"taxonomy":"post_tag","embeddable":true,"href":"https:\/\/linitiative.ca\/International\/wp-json\/wp\/v2\/tags?post=64932"}],"curies":[{"name":"wp","href":"https:\/\/api.w.org\/{rel}","templated":true}]}}