{"id":64939,"date":"2019-10-20T11:43:17","date_gmt":"2019-10-20T15:43:17","guid":{"rendered":"https:\/\/linitiative.ca\/International\/oran-augmentation-des-cas-de-cancer-du-sein-au-premier-semestre-2019-dans-la-wilaya\/"},"modified":"2019-10-20T11:43:17","modified_gmt":"2019-10-20T15:43:17","slug":"oran-augmentation-des-cas-de-cancer-du-sein-au-premier-semestre-2019-dans-la-wilaya","status":"publish","type":"post","link":"https:\/\/linitiative.ca\/International\/oran-augmentation-des-cas-de-cancer-du-sein-au-premier-semestre-2019-dans-la-wilaya\/","title":{"rendered":"Oran : augmentation des cas de cancer du sein au premier semestre 2019 dans la wilaya"},"content":{"rendered":"<div readability=\"36\">\n<p><strong>ORAN- Le premier semestre de l\u2019ann\u00e9e 2019 a enregistr\u00e9 une augmentation des cas de cancer du sein dans la wilaya d\u2019Oran soit 2.158 cas contre 1.705 cas en 2018, a indiqu\u00e9 dimanche le charg\u00e9 de communication \u00e0 la direction de la sant\u00e9 et de la population, Youcef BOUKHARI.<\/strong><\/p>\n<\/div>\n<div readability=\"69\">\n<p>Le nombre de nouveaux cas de cancer du sein ne cesse d\u2019augmenter dans la wilaya d&rsquo;Oran, a relev\u00e9 M. BOUKHARI dans une conf\u00e9rence de presse organis\u00e9e par l&rsquo;agence d&rsquo;Oran de la Caisse nationale d&rsquo;assurance sociale des salari\u00e9s (CNAS) sur le d\u00e9pistage du cancer du sein.<\/p>\n<p>\u00ab\u00a0Il est attendu de voir le chiffre des nouveaux cas doubler en 2019 par rapport \u00e0 l\u2019ann\u00e9e 2018. Le nombre des nouveaux cas enregistr\u00e9s en 2017 ne d\u00e9passait pas quand \u00e0 lui les 1.305 cancers tous genres confondus\u00a0\u00bb, a-t-il dit.<\/p>\n<p>Une \u00ab\u00a0r\u00e9alit\u00e9 alarmante\u00a0\u00bb, a reconnu Pr Chafi, chef du p\u00f4le maternit\u00e9 \u00e0 l\u2019EHU d\u2019Oran, qui estime que les aliments transform\u00e9s, le stress et la pollution favorisent l\u2019apparition du cancer du sein et le cancer de mani\u00e8re g\u00e9n\u00e9rale.<\/p>\n<p>Les sp\u00e9cialistes, qui ont anim\u00e9 la conf\u00e9rence de presse, ont mis l\u2019accent sur l\u2019importance du d\u00e9pistage pr\u00e9coce du cancer du sein et recommandent de pratiquer l\u2019autopalpation comme moyen de d\u00e9pistage et amener tout un chacun \u00e0 adopter ce geste qui peut \u00eatre salvateur.<\/p>\n<p>Le directeur de l&rsquo;agence d&rsquo;Oran de la CNAS, Mesli Lotfi, a rappel\u00e9 que la caisse couvre les cong\u00e9s de maladie pour le cancer \u00e0 hauteur de 100%, de m\u00eame pour la couverture des m\u00e9dicaments qui sont tous rembours\u00e9s \u00e0 100%.<\/p>\n<p>La CNAS d&rsquo;Oran lance, \u00e0 l\u2019occasion, une campagne de sensibilisation du 20 au 24 octobre en cours, qui touchera diff\u00e9rentes cat\u00e9gories de femmes travailleuses et rurales, notamment pour les sensibiliser sur la maladie et l\u2019importance du d\u00e9pistage pr\u00e9cocedu cancer du sein.<\/p>\n<\/div>\n<p>Auteur:<br \/>\n<a href=\"http:\/\/www.aps.dz\/regions\/95945-oran-augmentation-des-cas-de-cancer-du-sein-au-premier-semestre-2019-dans-la-wilaya\">Cliquez ici pour lire l&rsquo;article depuis sa source.<\/a><\/p>\n","protected":false},"excerpt":{"rendered":"<p>ORAN- Le premier semestre de l\u2019ann\u00e9e 2019 a enregistr\u00e9 une augmentation des cas de cancer du sein dans la wilaya d\u2019Oran soit 2.158 cas contre 1.705 cas en 2018, a indiqu\u00e9 dimanche le charg\u00e9 de communication \u00e0 la direction de la sant\u00e9 et de la population, Youcef BOUKHARI. Le nombre de nouveaux cas de cancer [&hellip;]<\/p>\n","protected":false},"author":1790,"featured_media":0,"comment_status":"closed","ping_status":"closed","sticky":false,"template":"","format":"standard","meta":{"fifu_image_url":"","fifu_image_alt":"","footnotes":""},"categories":[53,76],"tags":[],"class_list":["post-64939","post","type-post","status-publish","format-standard","hentry","category-algerie","category-regions"],"_links":{"self":[{"href":"https:\/\/linitiative.ca\/International\/wp-json\/wp\/v2\/posts\/64939","targetHints":{"allow":["GET"]}}],"collection":[{"href":"https:\/\/linitiative.ca\/International\/wp-json\/wp\/v2\/posts"}],"about":[{"href":"https:\/\/linitiative.ca\/International\/wp-json\/wp\/v2\/types\/post"}],"author":[{"embeddable":true,"href":"https:\/\/linitiative.ca\/International\/wp-json\/wp\/v2\/users\/1790"}],"replies":[{"embeddable":true,"href":"https:\/\/linitiative.ca\/International\/wp-json\/wp\/v2\/comments?post=64939"}],"version-history":[{"count":0,"href":"https:\/\/linitiative.ca\/International\/wp-json\/wp\/v2\/posts\/64939\/revisions"}],"wp:attachment":[{"href":"https:\/\/linitiative.ca\/International\/wp-json\/wp\/v2\/media?parent=64939"}],"wp:term":[{"taxonomy":"category","embeddable":true,"href":"https:\/\/linitiative.ca\/International\/wp-json\/wp\/v2\/categories?post=64939"},{"taxonomy":"post_tag","embeddable":true,"href":"https:\/\/linitiative.ca\/International\/wp-json\/wp\/v2\/tags?post=64939"}],"curies":[{"name":"wp","href":"https:\/\/api.w.org\/{rel}","templated":true}]}}