{"id":64956,"date":"2019-10-19T20:00:00","date_gmt":"2019-10-20T00:00:00","guid":{"rendered":"https:\/\/linitiative.ca\/International\/presidentielle-du-12-decembre-pour-un-pays-debout-et-puissant\/"},"modified":"2019-10-19T20:00:00","modified_gmt":"2019-10-20T00:00:00","slug":"presidentielle-du-12-decembre-pour-un-pays-debout-et-puissant","status":"publish","type":"post","link":"https:\/\/linitiative.ca\/International\/presidentielle-du-12-decembre-pour-un-pays-debout-et-puissant\/","title":{"rendered":"Pr\u00e9sidentielle du 12 d\u00e9cembre : pour un pays  debout  et puissant"},"content":{"rendered":"<p>\u00a0Apr\u00e8s la r\u00e9ussite des rentr\u00e9es sociale, p\u00e9dagogique et universitaire, qui se sont d\u00e9roul\u00e9es dans d\u2019excellentes conditions, le cap est d\u00e9sormais fix\u00e9 sur l\u2019\u00e9lection pr\u00e9sidentielle du 12 d\u00e9cembre 2019. Les pr\u00e9paratifs de cette \u00e9ch\u00e9ance politique et \u00e9lectorale se poursuivent au pas de charge, tant au niveau national que local. L\u2019Autorit\u00e9 nationale ind\u00e9pendante des \u00e9lections (ANIE), institu\u00e9e le mois dernier, charg\u00e9e d\u2019organiser, de superviser et de contr\u00f4ler le scrutin, est \u00e0 pied d\u2019\u0153uvre. Ses membres s\u2019acquittent chaque jour de leurs t\u00e2ches et missions, et s\u2019attellent activement \u00e0 r\u00e9unir les conditions n\u00e9cessaires pour un bon d\u00e9roulement du scrutin d\u00e9cisif de d\u00e9cembre prochain. Prolong\u00e9e de quelques jours, la r\u00e9vision des listes \u00e9lectorales est achev\u00e9e, cl\u00f4turant ainsi la premi\u00e8re phase dans le processus des pr\u00e9paratifs de l\u2019\u00e9ch\u00e9ance.<br \/>\u00c0 mesure que le temps passe, l\u2019\u00e9lection pr\u00e9sidentielle continue \u00e0 susciter plus d\u2019engouement et d\u2019enthousiasme, aussi bien au sein de la classe politique que chez des couches importantes de la soci\u00e9t\u00e9. C\u00f4t\u00e9 acteurs politiques, les candidats \u00e0 la candidature se bousculent au portillon et sont de plus en plus \u00e0 afficher l\u2019intention de participer et de prendre part au rendez-vous \u00e9lectoral du 12 d\u00e9cembre prochain. \u00c0 l\u2019heure actuelle, ils sont 140 \u00e0 avoir proc\u00e9d\u00e9 au retrait des formulaires de signature de parrainages au niveau du si\u00e8ge de l\u2019autorit\u00e9 en charge des \u00e9lections. Ce qui est d\u00e9j\u00e0 en soi un signe de l\u2019int\u00e9r\u00eat particulier et de l\u2019adh\u00e9sion massif des Alg\u00e9riens \u00e0 cette \u00e9ch\u00e9ance capitale dans le processus de sortie de crise. Dans cette course au retrait des formulaires de candidature, ce ne sont pas seulement ce qui est commun\u00e9ment appel\u00e9 \u00abgrosses pointures\u00bb politiques qui postulent, mais bien des hommes et des femmes venant de diff\u00e9rents horizons qui ont d\u00e9cid\u00e9 cette fois-ci de s\u2019impliquer pour se porter candidats \u00e0 une pr\u00e9sidentielle qui doit constituer ind\u00e9niablement le pr\u00e9lude au r\u00e8glement de la crise. Ce scrutin est par ailleurs, force est de le souligner, rehauss\u00e9 par la participation d\u2019importantes personnalit\u00e9s nationales et chefs de parti charismatiques et connus sur la sc\u00e8ne nationale qui souhaitent, par leurs engagements dans cette comp\u00e9tition, contribuer au processus de r\u00e8glement d\u00e9finitif de la crise qui perdure depuis des mois. Chaque parti et personnalit\u00e9 politique, engag\u00e9 dans cette voie \u00e9lectorale in\u00e9luctable, tentera de proposer une feuille de route et un programme de sortie de crise qui sera soumis au verdict du peuple. Voie d\u00e9mocratique par excellence, l\u2019\u00e9lection pr\u00e9sidentielle constitue une opportunit\u00e9 pour tous les Alg\u00e9riens pour exprimer leurs points de vue et d\u2019exercer pleinement leur droit de regard sur les propositions et programmes \u00e9mis, soumis et avanc\u00e9s par les uns et les autres. Aussi, c\u2019est l\u2019occasion, pour les acteurs politiques et candidats engag\u00e9s, de proposer des programmes qui versent dans le sens de la concr\u00e9tisation des aspirations et attentes exprim\u00e9es par le peuple. Durant la campagne \u00e9lectorale qui s\u2019\u00e9talera sur trois semaines, les candidats, ayant franchi le test des signatures en r\u00e9ussissant \u00e0 collecter et \u00e0 rassembler le nombre des 50.000 parrainages exig\u00e9s par la loi, vont tout faire pour capter, s\u00e9duire et gagner les \u00e9lecteurs, durant les meetings et rassemblements, d\u2019abord, et, ensuite, le jour du vote. Les postulants au poste de pr\u00e9sident seront jug\u00e9s sur la base de la pertinence et de la force de leurs programmes politique, \u00e9conomique et social. C\u2019est \u00e9galement sur le terrain des propositions et solutions \u00e0 la crise actuelle que les candidats sont attendus par le peuple. \u00c0 pr\u00e9sent, tout est focalis\u00e9 sur la r\u00e9ussite de cette \u00e9ch\u00e9ance qui constitue la voie incontournable de sortie de crise. Au niveau de l\u2019ANIE, on continue \u00e0 pr\u00e9parer et \u00e0 r\u00e9unir les conditions idoines pour garantir le bon d\u00e9roulement du scrutin \u00e0 tous les niveaux. Tant au niveau national que local, les membres et responsables de cette instance concentrent les efforts et mobilisent les moyens n\u00e9cessaires que n\u00e9cessitent toutes les phases de pr\u00e9paration des \u00e9lections, que ce soit sur le plan mat\u00e9riel et logistique, qu\u2019humain. Le challenge et le d\u00e9fi demeurent la capacit\u00e9 \u00e0 organiser une \u00e9lection libre, transparente et r\u00e9guli\u00e8re, qui contribuera grandement au processus de r\u00e8glement de la crise. Un scrutin qui permettra aux citoyens de choisir et d\u2019\u00e9lire librement et d\u00e9mocratiquement le futur pr\u00e9sident de la R\u00e9publique, pour engager toutes les r\u00e9formes n\u00e9cessaires et lancer tous les chantiers qui s\u2019imposent pour le r\u00e8glement de la crise et engager les programmes de d\u00e9veloppement \u00e9conomique et social du pays.<br \/><strong>M. Oumalek<\/strong><\/p>\n<p>Auteur: elmoudjahid<br \/>\n<a href=\"http:\/\/www.elmoudjahid.com\/fr\/actualites\/143378\">Cliquez ici pour lire l&rsquo;article depuis sa source.<\/a><\/p>\n","protected":false},"excerpt":{"rendered":"<p>\u00a0Apr\u00e8s la r\u00e9ussite des rentr\u00e9es sociale, p\u00e9dagogique et universitaire, qui se sont d\u00e9roul\u00e9es dans d\u2019excellentes conditions, le cap est d\u00e9sormais fix\u00e9 sur l\u2019\u00e9lection pr\u00e9sidentielle du 12 d\u00e9cembre 2019. Les pr\u00e9paratifs de cette \u00e9ch\u00e9ance politique et \u00e9lectorale se poursuivent au pas de charge, tant au niveau national que local. L\u2019Autorit\u00e9 nationale ind\u00e9pendante des \u00e9lections (ANIE), institu\u00e9e [&hellip;]<\/p>\n","protected":false},"author":1744,"featured_media":0,"comment_status":"closed","ping_status":"closed","sticky":false,"template":"","format":"standard","meta":{"fifu_image_url":"","fifu_image_alt":"","footnotes":""},"categories":[73,53],"tags":[],"class_list":["post-64956","post","type-post","status-publish","format-standard","hentry","category-actualite","category-algerie"],"_links":{"self":[{"href":"https:\/\/linitiative.ca\/International\/wp-json\/wp\/v2\/posts\/64956","targetHints":{"allow":["GET"]}}],"collection":[{"href":"https:\/\/linitiative.ca\/International\/wp-json\/wp\/v2\/posts"}],"about":[{"href":"https:\/\/linitiative.ca\/International\/wp-json\/wp\/v2\/types\/post"}],"author":[{"embeddable":true,"href":"https:\/\/linitiative.ca\/International\/wp-json\/wp\/v2\/users\/1744"}],"replies":[{"embeddable":true,"href":"https:\/\/linitiative.ca\/International\/wp-json\/wp\/v2\/comments?post=64956"}],"version-history":[{"count":0,"href":"https:\/\/linitiative.ca\/International\/wp-json\/wp\/v2\/posts\/64956\/revisions"}],"wp:attachment":[{"href":"https:\/\/linitiative.ca\/International\/wp-json\/wp\/v2\/media?parent=64956"}],"wp:term":[{"taxonomy":"category","embeddable":true,"href":"https:\/\/linitiative.ca\/International\/wp-json\/wp\/v2\/categories?post=64956"},{"taxonomy":"post_tag","embeddable":true,"href":"https:\/\/linitiative.ca\/International\/wp-json\/wp\/v2\/tags?post=64956"}],"curies":[{"name":"wp","href":"https:\/\/api.w.org\/{rel}","templated":true}]}}