{"id":64957,"date":"2019-10-19T20:00:00","date_gmt":"2019-10-20T00:00:00","guid":{"rendered":"https:\/\/linitiative.ca\/International\/24e-sila-du-30-octobre-au-9-novembre-priorite-aux-jeunes-auteurs\/"},"modified":"2019-10-19T20:00:00","modified_gmt":"2019-10-20T00:00:00","slug":"24e-sila-du-30-octobre-au-9-novembre-priorite-aux-jeunes-auteurs","status":"publish","type":"post","link":"https:\/\/linitiative.ca\/International\/24e-sila-du-30-octobre-au-9-novembre-priorite-aux-jeunes-auteurs\/","title":{"rendered":"24e Sila (du 30 octobre au 9 novembre) : Priorit\u00e9 aux jeunes auteurs"},"content":{"rendered":"<p>Plus de 1.030 maisons d&rsquo;\u00e9dition repr\u00e9sentant 40 pays, dont 298 sont de droit alg\u00e9rien,\u00a0 323 de droit arabe et 430 issu d\u2019autres pays du monde, prendront part \u00e0 la 24e \u00e9dition\u00a0 du Salon international du livre d&rsquo;Alger, du 30 octobre au 9 novembre prochains,\u00a0 au Palais des expositions \u00e0 Alger. Portant le slogan \u00abLe livre, un continent\u00bb, cette \u00e9dition verra la participation du S\u00e9n\u00e9gal, comme invit\u00e9 d\u2019honneur, a annonc\u00e9, hier, le commissaire du Salon, Mohamed Iguerb, lors d\u2019une conf\u00e9rence de presse anim\u00e9e \u00e0 la Biblioth\u00e8que nationale.\u00a0 Il a indiqu\u00e9 que le S\u00e9n\u00e9gal qui sera pr\u00e9sent avec une forte d\u00e9l\u00e9gation occupera un espace de 200 m2. \u00abLe choix du S\u00e9n\u00e9gal comme invit\u00e9 d\u2019honneur vise \u00e0 rendre hommage aux intellectuels, hommes de lettres et philosophes de ce pays\u00bb, a-t-il soulign\u00e9, en pr\u00e9cisant que la participation co\u00efncidait avec le 50e anniversaire du Festival culturel panafricain (Panaf), qui sera c\u00e9l\u00e9br\u00e9, cette ann\u00e9e, en pr\u00e9sence d\u2019hommes de lettres et d\u2019historiens qui d\u00e9battront plusieurs th\u00e8mes relatifs aux relations panafricaines, \u00e0 la litt\u00e9rature et \u00e0 la pens\u00e9e en Afrique. Le repr\u00e9sentant de l\u2019ambassadeur du S\u00e9n\u00e9gal, M. Mamadou Boy Ba, a soulign\u00e9 que le choix du S\u00e9n\u00e9gal vise \u00ab\u00e0 rendre hommage aux intellectuels hommes de lettres et philosophes et que le pionnier du cin\u00e9ma africain et romancier Semb\u00e8ne Ousmane, l\u2019historien Cheikh Antadiop et l\u2019anthropologue Tidiane N\u2019Diaye ont d\u00e9j\u00e0 \u00e9t\u00e9 invit\u00e9s.<br \/>\u00a0Il a rappel\u00e9 que l\u2019Alg\u00e9rie et le S\u00e9n\u00e9gal se sont investis dans l\u2019organisation des \u00e9v\u00e8nements panafricains, ce qui invite les nouvelles g\u00e9n\u00e9rations des deux pays \u00ab\u00e0 entretenir aujourd\u2019hui des \u00e9changes plus intenses que leurs a\u00een\u00e9s par le biais d\u2019internet mais aussi de certaines rencontres internationales\u00bb.<\/p>\n<p><strong>56 livres interdits<\/strong><\/p>\n<p>Pour sa part le repr\u00e9sentant du minist\u00e8re de la Culture, Djamel Eddine Foughali, a annonc\u00e9 que 56 titres religieux ont \u00e9t\u00e9 interdits. \u00abCe sont des livres \u00e9trangers qui touchent \u00e0 la doctrine tandis que les publications locales sont toutes autoris\u00e9es\u00bb, a-t-il pr\u00e9cis\u00e9, en ajoutant, que m\u00eame les livres \u00e9voquant la situation actuelle du pays seront pr\u00e9sents au Salon.<br \/>\u00abLe public trouvera une grande vari\u00e9t\u00e9 de livres, allant de la religion, la politique, la science, la litt\u00e9rature, la technologie. Et m\u00eame les enfants auront leur propre espace\u00bb, a-t-il encore ajout\u00e9.<\/p>\n<p><strong>\u00a0Priorit\u00e9 aux jeunes et au grand public<\/strong><\/p>\n<p>S&rsquo;agissant de l&rsquo;organisation du Salon, et nonobstant, des difficult\u00e9s budg\u00e9taires rencontr\u00e9es pour cette \u00e9dition, le commissaire signale que la priorit\u00e9 sera accord\u00e9e au grand public, loin du caract\u00e8re acad\u00e9mique et \u00e9litiste ayant marqu\u00e9 les \u00e9ditions pr\u00e9c\u00e9dentes. \u00abNous nous sommes attach\u00e9s \u00e0 maintenir ce cap et \u00e0 assurer les missions essentielles de la manifestation, et ce malgr\u00e9 les difficult\u00e9s financi\u00e8res rencontr\u00e9es\u00bb, a-t-il indiqu\u00e9 en mentionnant que l\u2019objectif est de \u00abpr\u00e9server le c\u0153ur de la manifestation, \u00e0 savoir l\u2019accueil des visiteurs \u00e0 l\u2019exposition pour d\u00e9couvrir et acqu\u00e9rir des livres et un programme d\u2019animation culturelle riche et diversifi\u00e9\u00bb.<br \/>Ce Salon, dit-il, constituera, par ailleurs, l&rsquo;occasion pour les jeunes \u00e9crivains, notamment les 43 laur\u00e9ats des pr\u00e9c\u00e9dents prix litt\u00e9raires (depuis 2010) Assia Djebbar, Ali Maachi, Yasmina Mechakra et Mohamed Dib, de mieux se faire conna\u00eetre.<\/p>\n<p><strong>\u00a0Un espace sp\u00e9cial d\u00e9dicaces<\/strong><\/p>\n<p>Outre l\u2019organisation des concours du meilleur logo et de la meilleure affiche du Salon, cette \u00e9dition verra, pour la premi\u00e8re fois, l\u2019am\u00e9nagement d\u2019un espace r\u00e9serv\u00e9 aux d\u00e9dicaces au profit des maisons d\u2019\u00e9dition alg\u00e9riennes et \u00e9trang\u00e8res, en vue de faire conna\u00eetre leurs \u00e9crivains et intellectuels, a indiqu\u00e9 M. Iguerb, ajoutant que cette initiative vise \u00e0 \u00abencourager ces maisons \u00e0 participer au programme du Sila\u00bb.\u00a0 Il a affirm\u00e9, par ailleurs, que le choix des \u00e9diteurs devant occuper le pavillon central du Palais des expositions, se base sur leur sp\u00e9cialisation en mati\u00e8re de cr\u00e9ativit\u00e9 litt\u00e9raire et de livre scientifique (technique et universitaire), outre leur anciennet\u00e9 dans ce domaine, et ce au vu de la forte demande des personnes sur ce genre d\u2019ouvrages, soulignant que le Sila \u00aboffre de nouveaux livres de qualit\u00e9 \u00e0 des prix raisonnables, notamment \u00e0 travers les remises pratiqu\u00e9es lors de la derni\u00e8re semaine du Salon\u00bb. Plusieurs \u00e9crivains, romanciers et intellectuels devront prendre part \u00e0 cet important \u00e9v\u00e9nement culturel, aussi bien dans le cadre du programme officiel du Sila qu\u2019au sein des programmes des maisons d\u2019\u00e9dition, \u00e0 l\u2019instar des deux romanciers Waciny Laredj et Yasmina Khadra, ainsi que le romancier palestinien Ibrahim Nasrallah et l\u2019historien fran\u00e7ais Olivier Le Cour GrandMaison.<\/p>\n<p><strong>Kafia Ait Allouache<\/strong><\/p>\n<p>Auteur: elmoudjahid<br \/>\n<a href=\"http:\/\/www.elmoudjahid.com\/fr\/actualites\/143379\">Cliquez ici pour lire l&rsquo;article depuis sa source.<\/a><\/p>\n","protected":false},"excerpt":{"rendered":"<p>Plus de 1.030 maisons d&rsquo;\u00e9dition repr\u00e9sentant 40 pays, dont 298 sont de droit alg\u00e9rien,\u00a0 323 de droit arabe et 430 issu d\u2019autres pays du monde, prendront part \u00e0 la 24e \u00e9dition\u00a0 du Salon international du livre d&rsquo;Alger, du 30 octobre au 9 novembre prochains,\u00a0 au Palais des expositions \u00e0 Alger. Portant le slogan \u00abLe livre, [&hellip;]<\/p>\n","protected":false},"author":1744,"featured_media":0,"comment_status":"closed","ping_status":"closed","sticky":false,"template":"","format":"standard","meta":{"fifu_image_url":"","fifu_image_alt":"","footnotes":""},"categories":[73,53],"tags":[],"class_list":["post-64957","post","type-post","status-publish","format-standard","hentry","category-actualite","category-algerie"],"_links":{"self":[{"href":"https:\/\/linitiative.ca\/International\/wp-json\/wp\/v2\/posts\/64957","targetHints":{"allow":["GET"]}}],"collection":[{"href":"https:\/\/linitiative.ca\/International\/wp-json\/wp\/v2\/posts"}],"about":[{"href":"https:\/\/linitiative.ca\/International\/wp-json\/wp\/v2\/types\/post"}],"author":[{"embeddable":true,"href":"https:\/\/linitiative.ca\/International\/wp-json\/wp\/v2\/users\/1744"}],"replies":[{"embeddable":true,"href":"https:\/\/linitiative.ca\/International\/wp-json\/wp\/v2\/comments?post=64957"}],"version-history":[{"count":0,"href":"https:\/\/linitiative.ca\/International\/wp-json\/wp\/v2\/posts\/64957\/revisions"}],"wp:attachment":[{"href":"https:\/\/linitiative.ca\/International\/wp-json\/wp\/v2\/media?parent=64957"}],"wp:term":[{"taxonomy":"category","embeddable":true,"href":"https:\/\/linitiative.ca\/International\/wp-json\/wp\/v2\/categories?post=64957"},{"taxonomy":"post_tag","embeddable":true,"href":"https:\/\/linitiative.ca\/International\/wp-json\/wp\/v2\/tags?post=64957"}],"curies":[{"name":"wp","href":"https:\/\/api.w.org\/{rel}","templated":true}]}}