{"id":64958,"date":"2019-10-19T20:00:00","date_gmt":"2019-10-20T00:00:00","guid":{"rendered":"https:\/\/linitiative.ca\/International\/m-bedoui-preside-une-reunion-consacree-aux-preparatifs-des-jm-2021-avancement-important\/"},"modified":"2019-10-19T20:00:00","modified_gmt":"2019-10-20T00:00:00","slug":"m-bedoui-preside-une-reunion-consacree-aux-preparatifs-des-jm-2021-avancement-important","status":"publish","type":"post","link":"https:\/\/linitiative.ca\/International\/m-bedoui-preside-une-reunion-consacree-aux-preparatifs-des-jm-2021-avancement-important\/","title":{"rendered":"M. Bedoui pr\u00e9side une r\u00e9union consacr\u00e9e aux pr\u00e9paratifs des JM-2021  :  Avancement important"},"content":{"rendered":"<p><strong>Le Premier ministre, Noureddine Bedoui, a pr\u00e9sid\u00e9 hier une r\u00e9union interminist\u00e9rielle consacr\u00e9e \u00e0 l\u2019examen des pr\u00e9paratifs relatifs aux jeux M\u00e9diterran\u00e9ens, pr\u00e9vus \u00e0 Oran en 2021, indique un communiqu\u00e9 des services du Premier minist\u00e8re.<\/strong><\/p>\n<p>La r\u00e9union s\u2019est d\u00e9roul\u00e9e en pr\u00e9sence des ministres de l\u2019Int\u00e9rieur, de l\u2019Enseignement sup\u00e9rieur, de la Jeunesse et des Sports, de l\u2019Habitat, des Travaux publics et des Transports, des secr\u00e9taires g\u00e9n\u00e9raux des minist\u00e8res des Finances, de la Communication et du Tourisme, ainsi que du wali d\u2019Oran, le Directeur g\u00e9n\u00e9ral des jeux M\u00e9diterran\u00e9ens Oran- 2021 et du repr\u00e9sentant du Comit\u00e9 olympique alg\u00e9rien. \u00abCette r\u00e9union intervient dans le cadre de la mise en \u0153uvre des d\u00e9cisions de la r\u00e9union interminist\u00e9rielle du 18 juin 2019, lors de laquelle il \u00e9t\u00e9 d\u00e9cid\u00e9 de la mise en place d\u2019une Commission nationale, pr\u00e9sid\u00e9e par le Premier ministre, laquelle se chargera du suivi des diff\u00e9rents pr\u00e9paratifs relatifs aux jeux M\u00e9diterran\u00e9ens Oran-2021\u00bb, a ajout\u00e9 le communiqu\u00e9. Le Premier ministre a \u00e9cout\u00e9, lors de cette r\u00e9union, des \u00abexpos\u00e9s d\u00e9taill\u00e9s sur les travaux des diff\u00e9rentes sous-commissions relevant de ladite Commission pour la pr\u00e9paration de ces Jeux qui se chargent des aspects technique, organique, financier et de s\u00e9curit\u00e9, ainsi que de la strat\u00e9gie de communication et de l\u2019animation culturelle et touristique de cette manifestation\u00bb. Les expos\u00e9s pr\u00e9sent\u00e9s, poursuit la m\u00eame source, ont fait \u00e9tat d\u2019un \u00abavancement important des pr\u00e9paratifs, notamment en ce qui concerne le parach\u00e8vement de la r\u00e9alisation des diff\u00e9rents structures et infrastructures devant abriter l\u2019\u00e9v\u00e8nement qui devront toutes \u00eatre r\u00e9ceptionn\u00e9es avant juin 2020, et de relever et d\u2019identifier certaines lacunes\u00bb. Intervenant au terme de ces expos\u00e9s, le Premier ministre s\u2019est dit \u00absatisfait du taux d\u2019avancement important des travaux de r\u00e9alisation des diff\u00e9rentes infrastructures devant abriter les jeux M\u00e9diterran\u00e9ens et habiliter la ville d\u2019Oran pour accueillir cet \u00e9v\u00e8nement sportif r\u00e9gional, ainsi que des efforts consentis depuis la tenue du premier Conseil interminist\u00e9riel consacr\u00e9 \u00e0 ce dossier afin de lever tous les obstacles et probl\u00e8mes soulev\u00e9s\u00bb. Le Premier ministre a affirm\u00e9, dans le m\u00eame cadre, que l\u2019organisation de ces Jeux \u00e9tait \u00abun important enjeu national qu\u2019il convient \u00e0 tout un chacun de contribuer \u00e0 sa r\u00e9ussite, d\u2019autant qu\u2019il s\u2019inscrit dans le cadre de la d\u00e9marche du gouvernement visant \u00e0 promouvoir le sport national et \u00e0 lui donner un nouveau souffle, et de r\u00e9unir les conditions idoines pour former et donner naissance \u00e0 une \u00e9lite sportive de haut niveau\u00bb. Par ailleurs, M. Bedoui a rappel\u00e9 que l\u2019organisation des jeux M\u00e9diterran\u00e9ens \u00e9tait l\u2019occasion pour promouvoir la destination Alg\u00e9rie, en g\u00e9n\u00e9ral, et Oran, en particulier, et de mettre en relief la diversit\u00e9 culturelle de notre pays continent.<br \/>Pour pallier les manques relev\u00e9s, le Premier ministre a donn\u00e9 les instructions suivantes:<br \/>&#8211; La n\u00e9cessit\u00e9 de s\u2019en tenir fermement dans la r\u00e9alisation et l\u2019\u00e9quipement des structures concern\u00e9es par ce rendez-vous aux normes internationales adopt\u00e9es par les instances sportives internationales sp\u00e9cialis\u00e9es et de parachever les pr\u00e9paratifs suivant un calendrier d\u00e9termin\u00e9.<br \/>&#8211; L\u2019importance de faire de cette manifestation sportive une grande f\u00eate ne se limitant pas seulement \u00e0 la ville d\u2019Oran, mais \u00e0 toutes les r\u00e9gions du pays, et ce dans le cadre de l\u2019encouragement de l\u2019\u00e9change entre les enfants du pays et de mettre en avant les capacit\u00e9s et les comp\u00e9tences alg\u00e9riennes. \u00a0<br \/>&#8211; Le wali d\u2019Oran est charg\u00e9 de mettre en place un m\u00e9canisme de coordination avec les walis des wilayas voisines afin de les associer dans la r\u00e9ussite de cette manifestation, \u00e0 travers la mobilisation de toutes les ressources humaines et mat\u00e9rielles, et cr\u00e9er, partant, une dynamique dans toute la r\u00e9gion.<br \/>&#8211; L\u2019imp\u00e9rative sensibilisation et implication de l\u2019ensemble des citoyens dans l\u2019organisation de cet \u00e9v\u00e8nement, d\u2019autant que sa r\u00e9ussite est tributaire de l\u2019association de tous les acteurs de la soci\u00e9t\u00e9 civile en t\u00eate desquels les jeunes, notamment par l\u2019intensification des initiatives b\u00e9n\u00e9voles en mati\u00e8re de pr\u00e9servation de l\u2019environnement, refl\u00e9tant ainsi le d\u00e9veloppement que conna\u00eet le pays et la wilaya d\u2019Oran en particulier.<br \/>&#8211; L\u2019engagement du gouvernement \u00e0 la mobilisation des ressources financi\u00e8res pour le parach\u00e8vement de toutes les structures et les aspects se rapportant \u00e0 l\u2019organisation de cet \u00e9v\u00e8nement, notamment par :<br \/>&#8211; Le parach\u00e8vement de toutes les proc\u00e9dures relatives au budget du comit\u00e9 d\u2019organisation des jeux M\u00e9diterran\u00e9ens, en mettant \u00e0 sa disposition les enveloppes financi\u00e8res n\u00e9cessaires pour son fonctionnement.<br \/>&#8211; Des instructions ont \u00e9t\u00e9 donn\u00e9es \u00e9galement pour l\u2019acquisition d\u2019\u00e9quipements techniques ultramodernes, en vue d\u2019assurer une couverture m\u00e9diatique de haute qualit\u00e9 \u00e0 cette manifestation. Le ministre des Finances a \u00e9t\u00e9 charg\u00e9 de la cr\u00e9ation d\u2019une commission d\u2019experts \u00e0 son niveau, pour l\u2019\u00e9laboration du cahier des charges y aff\u00e9rent. Le Premier ministre a donn\u00e9 des \u00abinstructions strictes\u00bb, dans ce sens, \u00e0 l\u2019ensemble des secteurs concern\u00e9s afin de poursuivre le travail suivant la m\u00e9thode pr\u00e9vue en mati\u00e8re d\u2019utilisation rationnelle des d\u00e9penses publiques et de m\u00e9canismes de gestion du denier public. Il s\u2019agit \u00e9galement de l\u2019acc\u00e9l\u00e9ration de l\u2019\u00e9laboration et de la concr\u00e9tisation de la strat\u00e9gie de communication et de marketing m\u00e9diatique de cet \u00e9v\u00e8nement \u00e0 une large \u00e9chelle, en incluant des experts dans ce domaine et en utilisant tous les multim\u00e9dias, notamment internet, et ce en fonction de la dimension m\u00e9diterran\u00e9enne de cette manifestation. Le comit\u00e9 d\u2019organisation des JM a \u00e9t\u00e9 charg\u00e9 d\u2019engager les pr\u00e9paratifs des c\u00e9r\u00e9monies d\u2019ouverture et de cl\u00f4ture, lesquelles doivent \u00eatre \u00e0 la hauteur, conform\u00e9ment aux normes internationales en vigueur et refl\u00e9tant l\u2019image de l\u2019Alg\u00e9rie, et ce \u00e0 travers le recours aux talents et au haut sens de cr\u00e9ativit\u00e9 des techniciens et des artistes alg\u00e9riens en premier lieu. Enfin, M. Bedoui a mis l\u2019accent sur \u00abl\u2019imp\u00e9rative mobilisation de tous les intervenants afin de parachever la r\u00e9alisation des infrastructures et des pr\u00e9paratifs de cet \u00e9v\u00e8nement, et ce conform\u00e9ment au programme trac\u00e9\u00bb.<br \/>\u00a0<\/p>\n<p>Auteur: elmoudjahid<br \/>\n<a href=\"http:\/\/www.elmoudjahid.com\/fr\/actualites\/143380\">Cliquez ici pour lire l&rsquo;article depuis sa source.<\/a><\/p>\n","protected":false},"excerpt":{"rendered":"<p>Le Premier ministre, Noureddine Bedoui, a pr\u00e9sid\u00e9 hier une r\u00e9union interminist\u00e9rielle consacr\u00e9e \u00e0 l\u2019examen des pr\u00e9paratifs relatifs aux jeux M\u00e9diterran\u00e9ens, pr\u00e9vus \u00e0 Oran en 2021, indique un communiqu\u00e9 des services du Premier minist\u00e8re. La r\u00e9union s\u2019est d\u00e9roul\u00e9e en pr\u00e9sence des ministres de l\u2019Int\u00e9rieur, de l\u2019Enseignement sup\u00e9rieur, de la Jeunesse et des Sports, de l\u2019Habitat, des [&hellip;]<\/p>\n","protected":false},"author":1744,"featured_media":0,"comment_status":"closed","ping_status":"closed","sticky":false,"template":"","format":"standard","meta":{"fifu_image_url":"","fifu_image_alt":"","footnotes":""},"categories":[73,53],"tags":[],"class_list":["post-64958","post","type-post","status-publish","format-standard","hentry","category-actualite","category-algerie"],"_links":{"self":[{"href":"https:\/\/linitiative.ca\/International\/wp-json\/wp\/v2\/posts\/64958","targetHints":{"allow":["GET"]}}],"collection":[{"href":"https:\/\/linitiative.ca\/International\/wp-json\/wp\/v2\/posts"}],"about":[{"href":"https:\/\/linitiative.ca\/International\/wp-json\/wp\/v2\/types\/post"}],"author":[{"embeddable":true,"href":"https:\/\/linitiative.ca\/International\/wp-json\/wp\/v2\/users\/1744"}],"replies":[{"embeddable":true,"href":"https:\/\/linitiative.ca\/International\/wp-json\/wp\/v2\/comments?post=64958"}],"version-history":[{"count":0,"href":"https:\/\/linitiative.ca\/International\/wp-json\/wp\/v2\/posts\/64958\/revisions"}],"wp:attachment":[{"href":"https:\/\/linitiative.ca\/International\/wp-json\/wp\/v2\/media?parent=64958"}],"wp:term":[{"taxonomy":"category","embeddable":true,"href":"https:\/\/linitiative.ca\/International\/wp-json\/wp\/v2\/categories?post=64958"},{"taxonomy":"post_tag","embeddable":true,"href":"https:\/\/linitiative.ca\/International\/wp-json\/wp\/v2\/tags?post=64958"}],"curies":[{"name":"wp","href":"https:\/\/api.w.org\/{rel}","templated":true}]}}